{"id":26431,"date":"2023-12-18T15:33:55","date_gmt":"2023-12-18T14:33:55","guid":{"rendered":"https:\/\/letempsmag.ma\/?p=26431"},"modified":"2023-12-18T15:33:57","modified_gmt":"2023-12-18T14:33:57","slug":"la-marocaine-yasmina-belahsen-decroche-le-prix-africain-awief-2023","status":"publish","type":"post","link":"https:\/\/letempsmag.ma\/?p=26431","title":{"rendered":"La Marocaine Yasmina Belahsen d\u00e9croche le Prix africain AWIEF 2023"},"content":{"rendered":"\n<p>Le Forum sur l&#8217;Innovation et l&#8217;Entrepreneuriat des Femmes Africaines 2023 (AWIEF) vient de r\u00e9compenser le succ\u00e8s cr\u00e9atif et entrepreneurial de 7 femmes du continent. Parmi elles, Yasmina Belahsen, qui s&#8217;est illustr\u00e9e dans la cat\u00e9gorie \u00abIndustrie Cr\u00e9ative\u00bb.<\/p>\n\n\n\n<p>La c\u00e9r\u00e9monie s&#8217;est d\u00e9roul\u00e9e r\u00e9cemment \u00e0 Kigali (Rwanda) dans le cadre de la conf\u00e9rence annuelle honorant les parcours des femmes entrepreneures africaines dans des secteurs innovants et \u00e0 fort impact social. Cette \u00e9dition \u00e9tait ax\u00e9e sur le th\u00e8me \u00abTirer parti de la puissance de l&#8217;\u00e9conomie num\u00e9rique&nbsp;: innover, red\u00e9finir, autonomiser\u00bb. Les intervenants et les d\u00e9l\u00e9gu\u00e9s de l&#8217;AWIEF 2023 ont explor\u00e9 des moyens de stimuler l&#8217;inclusion, renforcer les partenariats et autonomiser les contributions des femmes \u00e0 l&#8217;\u00e9conomie num\u00e9rique.<\/p>\n\n\n\n<p>Honor\u00e9e par le Prix de reconnaissance de son parcours entrepreneurial, de son d\u00e9vouement en faveur de l&#8217;employabilit\u00e9 des jeunes, ainsi que de son implication dans l&#8217;\u00e9mancipation f\u00e9minine et les causes visant \u00e0 autonomiser les femmes, Yasmina Belahsen a \u00e9t\u00e9 salu\u00e9e par ses pairs et par les leaders d&#8217;opinion pr\u00e9sents lors de la Conf\u00e9rence.<\/p>\n\n\n\n<p>\u00abCette reconnaissance parmi des femmes de diverses nationalit\u00e9s est une fiert\u00e9 pour mon pays. Mon ambition est d&#8217;avoir un impact positif, contribuer \u00e0 l&#8217;employabilit\u00e9 au Maroc et partager mon savoir avec des institutions \u0153uvrant pour des causes vari\u00e9es. La transmission aux g\u00e9n\u00e9rations futures est une priorit\u00e9, tout comme le soutien aux plus vuln\u00e9rables, en particulier \u00e0 travers le digital au Maroc, en Afrique et au-del\u00e0\u00bb, a d\u00e9clar\u00e9 Yasmina Belahsen \u00e0 propos de cette cons\u00e9cration.<\/p>\n\n\n\n<p>L&#8217;entrepreneure marocaine a trac\u00e9 son chemin dans l&#8217;univers du digital depuis 2015 en cr\u00e9ant MayaDigital, une agence de conseil en marketing et transformation digitale. Avec une \u00e9quipe de 25 collaborateurs, l&#8217;entreprise a tiss\u00e9 des liens solides au sein des \u00e9cosyst\u00e8mes digital et artistique. Son parcours d&#8217;accompagnement a port\u00e9 sur plusieurs marques et institutions marocaines de premier plan, dont des projets d\u00e9di\u00e9s \u00e0 des causes d&#8217;utilit\u00e9 publique.<\/p>\n\n\n\n<p>En dehors de son r\u00f4le manag\u00e9rial au sein de MayaDigital, Yasmina Belahsen \u00e9tend son influence et son engagement \u00e0 travers diverses initiatives. Elle se penche ainsi sur des causes sociales vari\u00e9es et renforce son influence dans le secteur de l&#8217;innovation et de l&#8217;entrepreneuriat en Afrique. Suite au s\u00e9isme qui a frapp\u00e9 la r\u00e9gion d&#8217;Al Haouz, elle a d\u00e9ploy\u00e9 \u00abi3ana.ma\u00bb, une plateforme qui aspire \u00e0 faciliter la collaboration entre b\u00e9n\u00e9voles, associations et donateurs. Une op\u00e9ration men\u00e9e \u00e0 la t\u00eate du collectif Tech4Good Morocco, qui se consacre \u00e0 favoriser l&#8217;inclusion de l&#8217;\u00e9ducation des populations marginalis\u00e9es. Aujourd&#8217;hui, cette plateforme a \u00e9volu\u00e9 pour mettre en lumi\u00e8re une multitude d&#8217;initiatives positives au Maroc tout en structurant une offre d&#8217;accompagnement d\u00e9di\u00e9e aux acteurs de l&#8217;\u00e9conomie sociale et solidaire.<\/p>\n\n\n\n<p>Le Prix de l&#8217;\u00abIndustrie Cr\u00e9ative\u00bb d\u00e9cern\u00e9 \u00e0 Yasmina Belahsen r\u00e9compense ainsi le parcours entrepreneurial d&#8217;une femme battante dans l&#8217;industrie du digital et de la communication. Elle a \u00e9t\u00e9 honor\u00e9e aux c\u00f4t\u00e9s de sept autres femmes originaires de diff\u00e9rents pays d&#8217;Afrique&nbsp;: S\u00e9n\u00e9gal, \u00c9thiopie, Afrique du Sud, Nigeria, Cameroun, Rwanda et \u00c9gypte.<\/p>\n\n\n\n<p>\u00c9tablie en 2015 par Ir\u00e8ne Ochem, l&#8217;AWIEF (African Women Innovation and Entrepreneurship Forum) se positionne en tant qu&#8217;organisation panafricaine d\u00e9di\u00e9e \u00e0 l&#8217;autonomisation \u00e9conomique des femmes. Son objectif principal est d&#8217;assister les femmes entrepreneures du continent dans le d\u00e9veloppement de leurs entreprises, les encourageant ainsi \u00e0 atteindre leur plein potentiel entrepreneurial. L&#8217;AWIEF s&#8217;engage \u00e0 promouvoir l&#8217;inclusion \u00e9conomique, l&#8217;avancement et l&#8217;autonomisation des femmes en favorisant le soutien et le d\u00e9veloppement de l&#8217;entrepreneuriat. La vision de l&#8217;AWIEF est celle d&#8217;une Afrique inclusive et prosp\u00e8re, o\u00f9 les entreprises dirig\u00e9es par des femmes sont en mesure de cr\u00e9er et de d\u00e9velopper des entreprises durables \u00e0 fort impact. Cette d\u00e9marche contribue \u00e0 accro\u00eetre le PIB et \u00e0 stimuler la croissance \u00e9conomique du continent.<\/p>\n\n\n\n<p>Pour atteindre ces objectifs ambitieux, l&#8217;AWIEF se consacre \u00e0 faciliter, soutenir et inspirer les femmes entrepreneures \u00e0 travers une vari\u00e9t\u00e9 de moyens, notamment&nbsp;:<\/p>\n\n\n\n<p>&#8211; La mise en place de programmes de d\u00e9veloppement d&#8217;entreprise ax\u00e9s sur la cr\u00e9ation de produits innovants, favorisant ainsi un \u00e9cosyst\u00e8me propice \u00e0 l&#8217;entrepreneuriat f\u00e9minin.<\/p>\n\n\n\n<p>&#8211; L&#8217;organisation d&#8217;une conf\u00e9rence annuelle ainsi que des \u00e9v\u00e9nements de r\u00e9seautage ordonn\u00e9s par l&#8217;AWIEF.<\/p>\n\n\n\n<p>&#8211; La remise du prestigieux Prix AWIEF.<\/p>\n\n\n\n<p>&#8211; La mobilisation d&#8217;une communaut\u00e9 en ligne d\u00e9di\u00e9e \u00e0 l&#8217;\u00e9change de connaissances et de ressources au sein du r\u00e9seau AWIEF.<\/p>\n\n\n\n<p>&#8211; La signature d&#8217;un plaidoyer transversal en faveur de l&#8217;\u00e9galit\u00e9 des genres, soulignant l&#8217;importance de l&#8217;\u00e9quit\u00e9 dans tous les domaines.<\/p>\n","protected":false},"excerpt":{"rendered":"<p>Le Forum sur l&#8217;Innovation et l&#8217;Entrepreneuriat des Femmes Africaines 2023 (AWIEF) vient de r\u00e9compenser le succ\u00e8s cr\u00e9atif et entrepreneurial de 7 femmes du continent. Parmi elles, Yasmina Belahsen, qui s&#8217;est illustr\u00e9e dans la cat\u00e9gorie \u00abIndustrie Cr\u00e9ative\u00bb. La c\u00e9r\u00e9monie s&#8217;est d\u00e9roul\u00e9e r\u00e9cemment \u00e0 Kigali (Rwanda) dans le cadre de la conf\u00e9rence annuelle honorant les parcours des &hellip;<\/p>\n","protected":false},"author":9,"featured_media":26432,"comment_status":"open","ping_status":"closed","sticky":false,"template":"","format":"standard","meta":{"footnotes":""},"categories":[34],"tags":[],"class_list":["post-26431","post","type-post","status-publish","format-standard","has-post-thumbnail","hentry","category-entrepreneuriat"],"_links":{"self":[{"href":"https:\/\/letempsmag.ma\/index.php?rest_route=\/wp\/v2\/posts\/26431","targetHints":{"allow":["GET"]}}],"collection":[{"href":"https:\/\/letempsmag.ma\/index.php?rest_route=\/wp\/v2\/posts"}],"about":[{"href":"https:\/\/letempsmag.ma\/index.php?rest_route=\/wp\/v2\/types\/post"}],"author":[{"embeddable":true,"href":"https:\/\/letempsmag.ma\/index.php?rest_route=\/wp\/v2\/users\/9"}],"replies":[{"embeddable":true,"href":"https:\/\/letempsmag.ma\/index.php?rest_route=%2Fwp%2Fv2%2Fcomments&post=26431"}],"version-history":[{"count":1,"href":"https:\/\/letempsmag.ma\/index.php?rest_route=\/wp\/v2\/posts\/26431\/revisions"}],"predecessor-version":[{"id":26433,"href":"https:\/\/letempsmag.ma\/index.php?rest_route=\/wp\/v2\/posts\/26431\/revisions\/26433"}],"wp:featuredmedia":[{"embeddable":true,"href":"https:\/\/letempsmag.ma\/index.php?rest_route=\/wp\/v2\/media\/26432"}],"wp:attachment":[{"href":"https:\/\/letempsmag.ma\/index.php?rest_route=%2Fwp%2Fv2%2Fmedia&parent=26431"}],"wp:term":[{"taxonomy":"category","embeddable":true,"href":"https:\/\/letempsmag.ma\/index.php?rest_route=%2Fwp%2Fv2%2Fcategories&post=26431"},{"taxonomy":"post_tag","embeddable":true,"href":"https:\/\/letempsmag.ma\/index.php?rest_route=%2Fwp%2Fv2%2Ftags&post=26431"}],"curies":[{"name":"wp","href":"https:\/\/api.w.org\/{rel}","templated":true}]}}