{"id":26415,"date":"2023-12-18T15:01:39","date_gmt":"2023-12-18T14:01:39","guid":{"rendered":"https:\/\/letempsmag.ma\/?p=26415"},"modified":"2023-12-18T15:01:40","modified_gmt":"2023-12-18T14:01:40","slug":"growing-ycii-marrakech-honore-les-jeunes-engages-pour-la-resilience-climatique","status":"publish","type":"post","link":"https:\/\/letempsmag.ma\/?p=26415","title":{"rendered":"\u00abGrowing YCII\u00bb\u00a0: Marrakech honore les jeunes engag\u00e9s pour la r\u00e9silience climatique"},"content":{"rendered":"\n<p>L&#8217;initiative \u00abGrowing the Youth Climate Innovation Incubator (Growing YCII)\u00bb, port\u00e9e par la Near East Foundation et Emerging Business Factory et financ\u00e9e par le D\u00e9partement d&#8217;\u00c9tat am\u00e9ricain et la Elsa &amp; Peter Soderberg Foundation, se veut une r\u00e9ponse cr\u00e9ative aux d\u00e9fis climatiques, visant \u00e0 red\u00e9finir le paysage de l&#8217;agriculture durable. \u00c0 cet effet, s&#8217;est tenu du 11 au 15 d\u00e9cembre courant \u00e0 Marrakech le \u00abDesign Lab\u00bb, un \u00e9v\u00e9nement d&#8217;innovation et d&#8217;entrepreneuriat &nbsp;et une exp\u00e9rience immersive et transformatrice pour les entrepreneurs \u00e9mergents.<\/p>\n\n\n\n<p>Ce projet avant-gardiste mise sur la synergie entre les technologies de pointe et l&#8217;expertise sectorielle, catalysant la collaboration entre institutions publiques, organismes donateurs, soci\u00e9t\u00e9 civile et investisseurs priv\u00e9s au Maroc. Son objectif&nbsp;: cr\u00e9er un terreau fertile pour l&#8217;\u00e9closion des entreprises dirig\u00e9es par des jeunes, leur offrant une plateforme unique pour briller et prosp\u00e9rer dans un march\u00e9 comp\u00e9titif.<\/p>\n\n\n\n<p>Au cours de ce lancement, \u00abGrowing YCII\u00bb a accueilli 19 jeunes de start-ups prometteuses, chacune apportant des id\u00e9es novatrices et un fort engagement envers la transition vers une \u00e9conomie plus durable. Les premi\u00e8res semaines ont \u00e9t\u00e9 marqu\u00e9es par une collaboration fructueuse, des \u00e9changes d&#8217;id\u00e9es inspirants et une \u00e9nergie collective ax\u00e9e sur la cr\u00e9ation de solutions durables.<\/p>\n\n\n\n<p>Au Mus\u00e9e de l&#8217;Eau, le \u00abGrowing YCII\u00bb a annonc\u00e9 avec enthousiasme le lancement exclusif de pitchs et s\u00e9lections de start-ups, marquant ainsi une \u00e9tape cruciale dans le soutien continu \u00e0 l&#8217;innovation entrepreneuriale. Le processus de s\u00e9lection rigoureux a mis l&#8217;accent sur l&#8217;originalit\u00e9, la viabilit\u00e9 et l&#8217;impact potentiel des projets, garantissant ainsi que seules les startups les plus prometteuses soient choisies pour b\u00e9n\u00e9ficier d&#8217;un accompagnement personnalis\u00e9. Des mentors de renom et des experts de l&#8217;industrie sont engag\u00e9s pour guider les participants tout au long de leur parcours.<\/p>\n\n\n\n<p>Le processus s\u00e9lectif de 12 start-ups parmi 19 participantes renforcera non seulement les start-ups s\u00e9lectionn\u00e9es, mais contribuera \u00e9galement \u00e0 stimuler l&#8217;\u00e9cosyst\u00e8me entrepreneurial de l&#8217;\u00e9conomie verte. \u00c0 noter que ces start-ups b\u00e9n\u00e9ficieront d&#8217;une phase d&#8217;incubation de 4 mois.<\/p>\n","protected":false},"excerpt":{"rendered":"<p>L&#8217;initiative \u00abGrowing the Youth Climate Innovation Incubator (Growing YCII)\u00bb, port\u00e9e par la Near East Foundation et Emerging Business Factory et financ\u00e9e par le D\u00e9partement d&#8217;\u00c9tat am\u00e9ricain et la Elsa &amp; Peter Soderberg Foundation, se veut une r\u00e9ponse cr\u00e9ative aux d\u00e9fis climatiques, visant \u00e0 red\u00e9finir le paysage de l&#8217;agriculture durable. \u00c0 cet effet, s&#8217;est tenu du &hellip;<\/p>\n","protected":false},"author":9,"featured_media":26416,"comment_status":"open","ping_status":"closed","sticky":false,"template":"","format":"standard","meta":{"footnotes":""},"categories":[91],"tags":[],"class_list":["post-26415","post","type-post","status-publish","format-standard","has-post-thumbnail","hentry","category-start-ups"],"_links":{"self":[{"href":"https:\/\/letempsmag.ma\/index.php?rest_route=\/wp\/v2\/posts\/26415","targetHints":{"allow":["GET"]}}],"collection":[{"href":"https:\/\/letempsmag.ma\/index.php?rest_route=\/wp\/v2\/posts"}],"about":[{"href":"https:\/\/letempsmag.ma\/index.php?rest_route=\/wp\/v2\/types\/post"}],"author":[{"embeddable":true,"href":"https:\/\/letempsmag.ma\/index.php?rest_route=\/wp\/v2\/users\/9"}],"replies":[{"embeddable":true,"href":"https:\/\/letempsmag.ma\/index.php?rest_route=%2Fwp%2Fv2%2Fcomments&post=26415"}],"version-history":[{"count":1,"href":"https:\/\/letempsmag.ma\/index.php?rest_route=\/wp\/v2\/posts\/26415\/revisions"}],"predecessor-version":[{"id":26417,"href":"https:\/\/letempsmag.ma\/index.php?rest_route=\/wp\/v2\/posts\/26415\/revisions\/26417"}],"wp:featuredmedia":[{"embeddable":true,"href":"https:\/\/letempsmag.ma\/index.php?rest_route=\/wp\/v2\/media\/26416"}],"wp:attachment":[{"href":"https:\/\/letempsmag.ma\/index.php?rest_route=%2Fwp%2Fv2%2Fmedia&parent=26415"}],"wp:term":[{"taxonomy":"category","embeddable":true,"href":"https:\/\/letempsmag.ma\/index.php?rest_route=%2Fwp%2Fv2%2Fcategories&post=26415"},{"taxonomy":"post_tag","embeddable":true,"href":"https:\/\/letempsmag.ma\/index.php?rest_route=%2Fwp%2Fv2%2Ftags&post=26415"}],"curies":[{"name":"wp","href":"https:\/\/api.w.org\/{rel}","templated":true}]}}