{"id":26384,"date":"2023-12-15T12:23:40","date_gmt":"2023-12-15T11:23:40","guid":{"rendered":"https:\/\/letempsmag.ma\/?p=26384"},"modified":"2023-12-15T12:23:42","modified_gmt":"2023-12-15T11:23:42","slug":"des-programmes-dappui-a-la-competitivite-pour-les-maallems","status":"publish","type":"post","link":"https:\/\/letempsmag.ma\/?p=26384","title":{"rendered":"Des programmes d&#8217;appui \u00e0 la comp\u00e9titivit\u00e9 pour les m\u00e2allems"},"content":{"rendered":"\n<p>L\u2019Autorit\u00e9 Marocaine du March\u00e9 des Capitaux (AMMC) et le Conseil National de la Presse (CNP) ont organis\u00e9, hier jeudi \u00e0 Rabat, une formation autour du march\u00e9 des capitaux au profit des professionnels de la presse marocaine de diff\u00e9rents supports m\u00e9diatiques.<\/p>\n\n\n\n<p>Un module intitul\u00e9 \u00abLe March\u00e9 des capitaux au Maroc, son fonctionnement et ses instruments\u00bb, a \u00e9t\u00e9 anim\u00e9 par Mouad Tanouti, Directeur de la Normalisation et des Affaires Juridiques au sein de l\u2019AMMC. Il portait sur les pr\u00e9rogatives et les missions de l\u2019Autorit\u00e9, donnant un aper\u00e7u g\u00e9n\u00e9ral sur le march\u00e9 des capitaux, ses acteurs et son fonctionnement.<\/p>\n\n\n\n<p>\u00c0 cette occasion, Mouad Tanouti a rappel\u00e9 que cette session de formation s&#8217;inscrit dans le cadre de la mission de l&#8217;AMMC portant sur l&#8217;\u00e9ducation financi\u00e8re du public et vise \u00e0 renforcer les connaissances des participants en mati\u00e8re de march\u00e9s financiers et d&#8217;instruments de placement. Il a aussi indiqu\u00e9 qu\u2019\u00abEn continuant \u00e0 offrir des opportunit\u00e9s de formation et d&#8217;actualisation des connaissances, nous investissons dans l&#8217;am\u00e9lioration constante du professionnalisme des journalistes, assurant ainsi une couverture m\u00e9diatique pertinente et de qualit\u00e9 dans un environnement financier en constante \u00e9volution\u00bb.<\/p>\n\n\n\n<p><strong>L. F.<\/strong><\/p>\n","protected":false},"excerpt":{"rendered":"<p>L\u2019Autorit\u00e9 Marocaine du March\u00e9 des Capitaux (AMMC) et le Conseil National de la Presse (CNP) ont organis\u00e9, hier jeudi \u00e0 Rabat, une formation autour du march\u00e9 des capitaux au profit des professionnels de la presse marocaine de diff\u00e9rents supports m\u00e9diatiques. Un module intitul\u00e9 \u00abLe March\u00e9 des capitaux au Maroc, son fonctionnement et ses instruments\u00bb, a &hellip;<\/p>\n","protected":false},"author":9,"featured_media":26386,"comment_status":"open","ping_status":"closed","sticky":false,"template":"","format":"standard","meta":{"footnotes":""},"categories":[156],"tags":[],"class_list":["post-26384","post","type-post","status-publish","format-standard","has-post-thumbnail","hentry","category-artisanat"],"_links":{"self":[{"href":"https:\/\/letempsmag.ma\/index.php?rest_route=\/wp\/v2\/posts\/26384","targetHints":{"allow":["GET"]}}],"collection":[{"href":"https:\/\/letempsmag.ma\/index.php?rest_route=\/wp\/v2\/posts"}],"about":[{"href":"https:\/\/letempsmag.ma\/index.php?rest_route=\/wp\/v2\/types\/post"}],"author":[{"embeddable":true,"href":"https:\/\/letempsmag.ma\/index.php?rest_route=\/wp\/v2\/users\/9"}],"replies":[{"embeddable":true,"href":"https:\/\/letempsmag.ma\/index.php?rest_route=%2Fwp%2Fv2%2Fcomments&post=26384"}],"version-history":[{"count":1,"href":"https:\/\/letempsmag.ma\/index.php?rest_route=\/wp\/v2\/posts\/26384\/revisions"}],"predecessor-version":[{"id":26387,"href":"https:\/\/letempsmag.ma\/index.php?rest_route=\/wp\/v2\/posts\/26384\/revisions\/26387"}],"wp:featuredmedia":[{"embeddable":true,"href":"https:\/\/letempsmag.ma\/index.php?rest_route=\/wp\/v2\/media\/26386"}],"wp:attachment":[{"href":"https:\/\/letempsmag.ma\/index.php?rest_route=%2Fwp%2Fv2%2Fmedia&parent=26384"}],"wp:term":[{"taxonomy":"category","embeddable":true,"href":"https:\/\/letempsmag.ma\/index.php?rest_route=%2Fwp%2Fv2%2Fcategories&post=26384"},{"taxonomy":"post_tag","embeddable":true,"href":"https:\/\/letempsmag.ma\/index.php?rest_route=%2Fwp%2Fv2%2Ftags&post=26384"}],"curies":[{"name":"wp","href":"https:\/\/api.w.org\/{rel}","templated":true}]}}