{"id":26353,"date":"2023-12-12T10:27:33","date_gmt":"2023-12-12T09:27:33","guid":{"rendered":"https:\/\/letempsmag.ma\/?p=26353"},"modified":"2023-12-12T10:27:34","modified_gmt":"2023-12-12T09:27:34","slug":"convention-entre-la-fondation-mohammed-vi-des-sciences-et-de-la-sante-et-les-laboratoires-roche-maroc","status":"publish","type":"post","link":"https:\/\/letempsmag.ma\/?p=26353","title":{"rendered":"Convention entre la Fondation Mohammed VI des Sciences et de la Sant\u00e9 et les laboratoires Roche Maroc"},"content":{"rendered":"\n<p>La Fondation Mohammed VI des Sciences et de la Sant\u00e9 a sign\u00e9, le 6 d\u00e9cembre dernier, un m\u00e9morandum d\u2019entente avec les laboratoires Roche Maroc en vue d\u2019acc\u00e9l\u00e9rer la recherche au sein des structures de la Fondation et d&#8217;am\u00e9liorer l\u2019acc\u00e8s aux soins de sant\u00e9 du citoyen marocain. Le m\u00e9morandum s\u2019articule autour de 4 axes&nbsp;:<\/p>\n\n\n\n<p>&#8211; Promotion de la m\u00e9decine personnalis\u00e9e \u00e0 travers le d\u00e9veloppement des capacit\u00e9s diagnostiques, l\u2019am\u00e9lioration de la digitalisation et le renforcement du r\u00f4le de l\u2019intelligence artificielle dans la sant\u00e9.<\/p>\n\n\n\n<p>&#8211; Formation scientifique afin de renforcer les capacit\u00e9s du personnel m\u00e9dical et param\u00e9dical.<\/p>\n\n\n\n<p>&#8211; D\u00e9veloppement de la recherche biom\u00e9dicale et des donn\u00e9es de vie r\u00e9elle y compris les \u00e9tudes pharmaco-\u00e9conomiques en sant\u00e9.<\/p>\n\n\n\n<p>&#8211; Am\u00e9lioration de l\u2019acc\u00e8s \u00e9quitable aux th\u00e9rapies innovantes.<\/p>\n\n\n\n<p>Ce partenariat s\u2019inscrit dans le cadre de la vocation de la Fondation Mohammed VI des Sciences et de la Sant\u00e9 \u00e0 contribuer, en collaboration avec les administrations et les organismes concern\u00e9s, \u00e0 la promotion des soins, au d\u00e9veloppement de l\u2019enseignement et de la formation ainsi que de la recherche et de l\u2019innovation. \u00c0 travers cette convention, les laboratoires Roche Maroc confirment leur engagement, au c\u00f4t\u00e9 de la Fondation, \u00e0 contribuer \u00e0 l\u2019am\u00e9lioration de la sant\u00e9 du patient marocain.<\/p>\n","protected":false},"excerpt":{"rendered":"<p>La Fondation Mohammed VI des Sciences et de la Sant\u00e9 a sign\u00e9, le 6 d\u00e9cembre dernier, un m\u00e9morandum d\u2019entente avec les laboratoires Roche Maroc en vue d\u2019acc\u00e9l\u00e9rer la recherche au sein des structures de la Fondation et d&#8217;am\u00e9liorer l\u2019acc\u00e8s aux soins de sant\u00e9 du citoyen marocain. Le m\u00e9morandum s\u2019articule autour de 4 axes&nbsp;: &#8211; Promotion &hellip;<\/p>\n","protected":false},"author":9,"featured_media":26354,"comment_status":"open","ping_status":"closed","sticky":false,"template":"","format":"standard","meta":{"footnotes":""},"categories":[594],"tags":[],"class_list":["post-26353","post","type-post","status-publish","format-standard","has-post-thumbnail","hentry","category-medecine"],"_links":{"self":[{"href":"https:\/\/letempsmag.ma\/index.php?rest_route=\/wp\/v2\/posts\/26353","targetHints":{"allow":["GET"]}}],"collection":[{"href":"https:\/\/letempsmag.ma\/index.php?rest_route=\/wp\/v2\/posts"}],"about":[{"href":"https:\/\/letempsmag.ma\/index.php?rest_route=\/wp\/v2\/types\/post"}],"author":[{"embeddable":true,"href":"https:\/\/letempsmag.ma\/index.php?rest_route=\/wp\/v2\/users\/9"}],"replies":[{"embeddable":true,"href":"https:\/\/letempsmag.ma\/index.php?rest_route=%2Fwp%2Fv2%2Fcomments&post=26353"}],"version-history":[{"count":1,"href":"https:\/\/letempsmag.ma\/index.php?rest_route=\/wp\/v2\/posts\/26353\/revisions"}],"predecessor-version":[{"id":26355,"href":"https:\/\/letempsmag.ma\/index.php?rest_route=\/wp\/v2\/posts\/26353\/revisions\/26355"}],"wp:featuredmedia":[{"embeddable":true,"href":"https:\/\/letempsmag.ma\/index.php?rest_route=\/wp\/v2\/media\/26354"}],"wp:attachment":[{"href":"https:\/\/letempsmag.ma\/index.php?rest_route=%2Fwp%2Fv2%2Fmedia&parent=26353"}],"wp:term":[{"taxonomy":"category","embeddable":true,"href":"https:\/\/letempsmag.ma\/index.php?rest_route=%2Fwp%2Fv2%2Fcategories&post=26353"},{"taxonomy":"post_tag","embeddable":true,"href":"https:\/\/letempsmag.ma\/index.php?rest_route=%2Fwp%2Fv2%2Ftags&post=26353"}],"curies":[{"name":"wp","href":"https:\/\/api.w.org\/{rel}","templated":true}]}}