{"id":26309,"date":"2023-12-08T14:29:59","date_gmt":"2023-12-08T13:29:59","guid":{"rendered":"https:\/\/letempsmag.ma\/?p=26309"},"modified":"2023-12-08T14:30:00","modified_gmt":"2023-12-08T13:30:00","slug":"s-a-r-la-princesse-lalla-hasnaa-sactive-a-la-cop28-a-dubai","status":"publish","type":"post","link":"https:\/\/letempsmag.ma\/?p=26309","title":{"rendered":"S.A.R. la Princesse Lalla Hasnaa s\u2019active \u00e0 la COP28 \u00e0 Duba\u00ef"},"content":{"rendered":"\n<p>S.A.R. la Princesse Lalla Hasnaa, Pr\u00e9sidente de la Fondation Mohammed VI pour la Protection de l&#8217;Environnement, a particip\u00e9 ce vendredi \u00e0 Duba\u00ef, \u00e0 la premi\u00e8re r\u00e9union annuelle de Haut Niveau de l&#8217;initiative \u00abPartenariat pour une \u00e9ducation verte\u00bb, organis\u00e9e par l&#8217;UNESCO et le minist\u00e8re de l\u2019\u00c9ducation des \u00c9mirats Arabes Unis, dans le cadre de la 28<sup>\u00e8me<\/sup> Conf\u00e9rence des parties sur le changement climatique (COP28).<\/p>\n","protected":false},"excerpt":{"rendered":"<p>S.A.R. la Princesse Lalla Hasnaa, Pr\u00e9sidente de la Fondation Mohammed VI pour la Protection de l&#8217;Environnement, a particip\u00e9 ce vendredi \u00e0 Duba\u00ef, \u00e0 la premi\u00e8re r\u00e9union annuelle de Haut Niveau de l&#8217;initiative \u00abPartenariat pour une \u00e9ducation verte\u00bb, organis\u00e9e par l&#8217;UNESCO et le minist\u00e8re de l\u2019\u00c9ducation des \u00c9mirats Arabes Unis, dans le cadre de la 28\u00e8me &hellip;<\/p>\n","protected":false},"author":9,"featured_media":26310,"comment_status":"open","ping_status":"closed","sticky":false,"template":"","format":"standard","meta":{"footnotes":""},"categories":[438],"tags":[],"class_list":["post-26309","post","type-post","status-publish","format-standard","has-post-thumbnail","hentry","category-climat"],"_links":{"self":[{"href":"https:\/\/letempsmag.ma\/index.php?rest_route=\/wp\/v2\/posts\/26309","targetHints":{"allow":["GET"]}}],"collection":[{"href":"https:\/\/letempsmag.ma\/index.php?rest_route=\/wp\/v2\/posts"}],"about":[{"href":"https:\/\/letempsmag.ma\/index.php?rest_route=\/wp\/v2\/types\/post"}],"author":[{"embeddable":true,"href":"https:\/\/letempsmag.ma\/index.php?rest_route=\/wp\/v2\/users\/9"}],"replies":[{"embeddable":true,"href":"https:\/\/letempsmag.ma\/index.php?rest_route=%2Fwp%2Fv2%2Fcomments&post=26309"}],"version-history":[{"count":1,"href":"https:\/\/letempsmag.ma\/index.php?rest_route=\/wp\/v2\/posts\/26309\/revisions"}],"predecessor-version":[{"id":26311,"href":"https:\/\/letempsmag.ma\/index.php?rest_route=\/wp\/v2\/posts\/26309\/revisions\/26311"}],"wp:featuredmedia":[{"embeddable":true,"href":"https:\/\/letempsmag.ma\/index.php?rest_route=\/wp\/v2\/media\/26310"}],"wp:attachment":[{"href":"https:\/\/letempsmag.ma\/index.php?rest_route=%2Fwp%2Fv2%2Fmedia&parent=26309"}],"wp:term":[{"taxonomy":"category","embeddable":true,"href":"https:\/\/letempsmag.ma\/index.php?rest_route=%2Fwp%2Fv2%2Fcategories&post=26309"},{"taxonomy":"post_tag","embeddable":true,"href":"https:\/\/letempsmag.ma\/index.php?rest_route=%2Fwp%2Fv2%2Ftags&post=26309"}],"curies":[{"name":"wp","href":"https:\/\/api.w.org\/{rel}","templated":true}]}}