{"id":26297,"date":"2023-12-08T14:27:43","date_gmt":"2023-12-08T13:27:43","guid":{"rendered":"https:\/\/letempsmag.ma\/?p=26297"},"modified":"2023-12-08T14:27:44","modified_gmt":"2023-12-08T13:27:44","slug":"safran-renforce-son-partenariat-strategique-avec-le-maroc","status":"publish","type":"post","link":"https:\/\/letempsmag.ma\/?p=26297","title":{"rendered":"Safran renforce son partenariat strat\u00e9gique avec le Maroc"},"content":{"rendered":"\n<p>Le gouvernement marocain a sign\u00e9, le 6 d\u00e9cembre courant, un accord-cadre avec le groupe fran\u00e7ais Safran portant sur un engagement mutuel pour le soutien et le d\u00e9veloppement de l\u2019\u00e9cosyst\u00e8me industriel a\u00e9ronautique au Maroc. En pr\u00e9sence d\u2019Abdellatif Miraoui, Ministre de l\u2019Enseignement sup\u00e9rieur, de la Recherche scientifique et de l\u2019Innovation, et de Taoufiq Moucharraf, Secr\u00e9taire G\u00e9n\u00e9ral au minist\u00e8re de l\u2019Industrie et du Commerce, ainsi que d\u2019Olivier Andri\u00e8s, Directeur G\u00e9n\u00e9ral du groupe Safran, cet accord s\u2019articule autour de trois principes directeurs&nbsp;:<\/p>\n\n\n\n<p>&#8211; D\u00e9veloppement d\u2019une supply chain locale de qualit\u00e9, notamment avec l\u2019identification et l\u2019accompagnement du d\u00e9veloppement des capacit\u00e9s de production des prestataires et fournisseurs Safran.<\/p>\n\n\n\n<p>&#8211; D\u00e9veloppement d\u2019activit\u00e9s \u00e0 forte valeur ajout\u00e9e en renfor\u00e7ant les activit\u00e9s de recherche et technologie et de nouveaux services d\u2019ing\u00e9nierie.<\/p>\n\n\n\n<p>&#8211; D\u00e9veloppement des talents et des comp\u00e9tences par le renforcement de la formation, des partenariats avec les \u00e9coles d\u2019ing\u00e9nieurs et les universit\u00e9s.<\/p>\n\n\n\n<p>Le Ministre de l\u2019Enseignement sup\u00e9rieur, de la Recherche scientifique et de l\u2019Innovation \u00ab s\u2019est f\u00e9licit\u00e9 de l\u2019engagement de Safran, partenaire historique du Maroc dans le secteur a\u00e9ronautique, \u00e0 contribuer au d\u00e9veloppement de fili\u00e8res d\u00e9di\u00e9es \u00e0 l\u2019a\u00e9ronautique mais \u00e9galement la cr\u00e9ation d\u2019unit\u00e9s-mixtes en partenariat avec les universit\u00e9s marocaines dans les domaines de l\u2019ing\u00e9nierie, de la R&amp;D, des bancs d\u2019essai ou encore de la simulation\u00bb.<\/p>\n\n\n\n<p>De son c\u00f4t\u00e9, le Directeur G\u00e9n\u00e9ral de Safran a d\u00e9clar\u00e9&nbsp;: \u00abPartageant une m\u00eame vision de l&#8217;avenir a\u00e9ronautique, Safran et l\u2019Etat marocain \u00e9crivent une nouvelle page de leur collaboration strat\u00e9gique. Cet accord cadre marque la continuit\u00e9 d&#8217;un partenariat fructueux centr\u00e9 sur le d\u00e9veloppement d&#8217;un \u00e9cosyst\u00e8me industriel a\u00e9ronautique robuste au Maroc. Nous sommes plus que jamais conjointement engag\u00e9s dans une dynamique pragmatique, pla\u00e7ant le d\u00e9veloppement des talents, l&#8217;efficacit\u00e9 industrielle, l&#8217;innovation et la durabilit\u00e9 au c\u0153ur de notre collaboration\u00bb.<\/p>\n\n\n\n<p>Safran est pr\u00e9sent au Maroc depuis 24 ans et emploie plus de 4.200 personnes au sein de 8 soci\u00e9t\u00e9s ou co-entreprises de l\u2019\u00e9cosyst\u00e8me. Le groupe est leader du secteur a\u00e9ronautique national et entretient des partenariats forts avec les industriels de cette activit\u00e9, les institutions gouvernementales et les centres de formation du pays. Les usines marocaines sont au c\u0153ur du dispositif international de production de Safran.<\/p>\n\n\n\n<p><strong>C. A.<\/strong><\/p>\n","protected":false},"excerpt":{"rendered":"<p>Le gouvernement marocain a sign\u00e9, le 6 d\u00e9cembre courant, un accord-cadre avec le groupe fran\u00e7ais Safran portant sur un engagement mutuel pour le soutien et le d\u00e9veloppement de l\u2019\u00e9cosyst\u00e8me industriel a\u00e9ronautique au Maroc. En pr\u00e9sence d\u2019Abdellatif Miraoui, Ministre de l\u2019Enseignement sup\u00e9rieur, de la Recherche scientifique et de l\u2019Innovation, et de Taoufiq Moucharraf, Secr\u00e9taire G\u00e9n\u00e9ral au &hellip;<\/p>\n","protected":false},"author":9,"featured_media":26298,"comment_status":"open","ping_status":"closed","sticky":false,"template":"","format":"standard","meta":{"footnotes":""},"categories":[378],"tags":[],"class_list":["post-26297","post","type-post","status-publish","format-standard","has-post-thumbnail","hentry","category-aeronautique"],"_links":{"self":[{"href":"https:\/\/letempsmag.ma\/index.php?rest_route=\/wp\/v2\/posts\/26297","targetHints":{"allow":["GET"]}}],"collection":[{"href":"https:\/\/letempsmag.ma\/index.php?rest_route=\/wp\/v2\/posts"}],"about":[{"href":"https:\/\/letempsmag.ma\/index.php?rest_route=\/wp\/v2\/types\/post"}],"author":[{"embeddable":true,"href":"https:\/\/letempsmag.ma\/index.php?rest_route=\/wp\/v2\/users\/9"}],"replies":[{"embeddable":true,"href":"https:\/\/letempsmag.ma\/index.php?rest_route=%2Fwp%2Fv2%2Fcomments&post=26297"}],"version-history":[{"count":1,"href":"https:\/\/letempsmag.ma\/index.php?rest_route=\/wp\/v2\/posts\/26297\/revisions"}],"predecessor-version":[{"id":26299,"href":"https:\/\/letempsmag.ma\/index.php?rest_route=\/wp\/v2\/posts\/26297\/revisions\/26299"}],"wp:featuredmedia":[{"embeddable":true,"href":"https:\/\/letempsmag.ma\/index.php?rest_route=\/wp\/v2\/media\/26298"}],"wp:attachment":[{"href":"https:\/\/letempsmag.ma\/index.php?rest_route=%2Fwp%2Fv2%2Fmedia&parent=26297"}],"wp:term":[{"taxonomy":"category","embeddable":true,"href":"https:\/\/letempsmag.ma\/index.php?rest_route=%2Fwp%2Fv2%2Fcategories&post=26297"},{"taxonomy":"post_tag","embeddable":true,"href":"https:\/\/letempsmag.ma\/index.php?rest_route=%2Fwp%2Fv2%2Ftags&post=26297"}],"curies":[{"name":"wp","href":"https:\/\/api.w.org\/{rel}","templated":true}]}}