{"id":26281,"date":"2023-12-06T11:05:56","date_gmt":"2023-12-06T10:05:56","guid":{"rendered":"https:\/\/letempsmag.ma\/?p=26281"},"modified":"2023-12-06T11:05:57","modified_gmt":"2023-12-06T10:05:57","slug":"le-salon-automotive-show-auto-moto-tient-sa-1ere-edition-a-casablanca","status":"publish","type":"post","link":"https:\/\/letempsmag.ma\/?p=26281","title":{"rendered":"Le Salon \u00abAutomotive Show Auto-Moto\u00bb tient sa 1\u00e8re \u00e9dition \u00e0 Casablanca"},"content":{"rendered":"\n<p>La 1<sup>\u00e8re<\/sup> \u00e9dition du Salon International de la Mobilit\u00e9 \u00c9lectrique et de l\u2019After-Market \u00abAutomotive Show 2023\u00bb, a \u00e9t\u00e9 inaugur\u00e9e hier au Complexe d\u2019Expositions de l\u2019Office des Changes \u00e0 Casablanca. L\u2019\u00e9v\u00e9nement a eu lieu en pr\u00e9sence d\u2019Ikram Ettis, Directrice de Global Fairs and Events, agence organisatrice de ce Salon; Ali Bouftass, Pr\u00e9sident de l\u2019Association Assafaa des Commer\u00e7ants et professions lib\u00e9rales et des services du centre-ville de Casablanca et membre de la Chambre de Commerce de la r\u00e9gion, le Vice-Pr\u00e9sident de la Chambre de Commerce, d\u2019Industrie et de Services (CCIS), Nabil Hormat Allah, et le Directeur G\u00e9n\u00e9ral de (Association Professionnelle Intersectorielle pour la Mobilit\u00e9 \u00c9lectrique (APIME Maroc), Mehdi El Guerma\u00ef, ainsi que d\u2019autres personnalit\u00e9s, des exposants et des repr\u00e9sentants des m\u00e9dias.<\/p>\n\n\n\n<p>Organis\u00e9 du 5 au 7 d\u00e9cembre, le Salon met en lumi\u00e8re les derni\u00e8res avanc\u00e9es dans le domaine des technologies de diagnostic, ainsi que des solutions novatrices simplifiant le processus de diagnostic des v\u00e9hicules modernes.<\/p>\n\n\n\n<p>Dans une allocution, la Directrice de Global Fairs &amp; Events, Ikram Ettis, a exprim\u00e9 le souhait de faire de cet \u00e9v\u00e9nement une sorte de happening annuel pour les acteurs du secteur afin de booster le d\u00e9veloppement de l\u2019industrie, ainsi qu\u2019un vecteur de promotion du label \u00abMade in Morocco\u00bb dans le domaine de la mobilit\u00e9 \u00e9lectrique et de l\u2019After-Market. \u00abNotre ambition est que cet \u00e9v\u00e9nement devienne le lieu de convergence o\u00f9 le monde entier rencontrera l\u2019Afrique \u00e0 travers le Maroc, consid\u00e9r\u00e9 comme un hub continental, pour d\u00e9couvrir les derni\u00e8res r\u00e9volutions de la mobilit\u00e9 \u00e9lectrique et de l\u2019After-Market\u00bb, a-t-elle poursuivi, notant l\u2019importance d\u2019un paysage automobile et motocycliste respectueux de l\u2019environnement.<\/p>\n\n\n\n<p>Cette \u00e9dition rassemble 6 nations participantes et plus de 45 exposants de renom dont 90% marocains, a fait savoir Ikram Ettis, indiquant que durant trois jours, le Salon accueille d\u2019\u00e9minents experts, des pionniers de la mobilit\u00e9 \u00e9lectrique et des visionnaires. Des formations sp\u00e9cialis\u00e9es sont dispens\u00e9es, offrant aux professionnels du secteur, notamment les garagistes, une expertise pointue en mati\u00e8re de diagnostic pour les v\u00e9hicules hybrides et \u00e9lectriques, ainsi qu\u2019en termes de solutions de remorquage, d\u2019installation et de maintenance des bornes de recharge \u00e9lectrique.<\/p>\n\n\n\n<p>Inspir\u00e9 par les succ\u00e8s des Salons automobiles internationaux, l&#8217;\u00abAutomotive Show 2023\u00bb met en vedette des centres de formation sp\u00e9cialis\u00e9s et des solutions de r\u00e9paration durable. Cette approche centr\u00e9e sur l\u2019\u00e9conomie circulaire refl\u00e8te la vision du Maroc, qui s\u2019illustre comme un leader dans la cr\u00e9ation d\u2019un After-Market innovant et durable, pour un secteur automobile prosp\u00e8re et respectueux de l\u2019environnement.<\/p>\n\n\n\n<p>Le m\u00eame jour de l\u2019inauguration a vu le coup d\u2019envoi des formations dont profitent 75 garagistes par jour et par salle, et donc pr\u00e8s de 450 personnes auront eu l&#8217;opportunit\u00e9 quotidiennement jusqu\u2019\u00e0 demain 7 d\u00e9cembre d&#8217;acqu\u00e9rir une expertise approfondie sur les syst\u00e8mes de propulsion \u00e9lectrique, les batteries \u00e0 haute performance et les technologies avanc\u00e9es de diagnostic. Ces sessions interactives sont anim\u00e9es par des experts de renom, garantissant une exp\u00e9rience d&#8217;apprentissage enrichissante pour les professionnels de l&#8217;entretien automobile.<\/p>\n","protected":false},"excerpt":{"rendered":"<p>La 1\u00e8re \u00e9dition du Salon International de la Mobilit\u00e9 \u00c9lectrique et de l\u2019After-Market \u00abAutomotive Show 2023\u00bb, a \u00e9t\u00e9 inaugur\u00e9e hier au Complexe d\u2019Expositions de l\u2019Office des Changes \u00e0 Casablanca. L\u2019\u00e9v\u00e9nement a eu lieu en pr\u00e9sence d\u2019Ikram Ettis, Directrice de Global Fairs and Events, agence organisatrice de ce Salon; Ali Bouftass, Pr\u00e9sident de l\u2019Association Assafaa des &hellip;<\/p>\n","protected":false},"author":9,"featured_media":26282,"comment_status":"open","ping_status":"closed","sticky":false,"template":"","format":"standard","meta":{"footnotes":""},"categories":[1206],"tags":[],"class_list":["post-26281","post","type-post","status-publish","format-standard","has-post-thumbnail","hentry","category-solutions-de-mobilite"],"_links":{"self":[{"href":"https:\/\/letempsmag.ma\/index.php?rest_route=\/wp\/v2\/posts\/26281","targetHints":{"allow":["GET"]}}],"collection":[{"href":"https:\/\/letempsmag.ma\/index.php?rest_route=\/wp\/v2\/posts"}],"about":[{"href":"https:\/\/letempsmag.ma\/index.php?rest_route=\/wp\/v2\/types\/post"}],"author":[{"embeddable":true,"href":"https:\/\/letempsmag.ma\/index.php?rest_route=\/wp\/v2\/users\/9"}],"replies":[{"embeddable":true,"href":"https:\/\/letempsmag.ma\/index.php?rest_route=%2Fwp%2Fv2%2Fcomments&post=26281"}],"version-history":[{"count":1,"href":"https:\/\/letempsmag.ma\/index.php?rest_route=\/wp\/v2\/posts\/26281\/revisions"}],"predecessor-version":[{"id":26283,"href":"https:\/\/letempsmag.ma\/index.php?rest_route=\/wp\/v2\/posts\/26281\/revisions\/26283"}],"wp:featuredmedia":[{"embeddable":true,"href":"https:\/\/letempsmag.ma\/index.php?rest_route=\/wp\/v2\/media\/26282"}],"wp:attachment":[{"href":"https:\/\/letempsmag.ma\/index.php?rest_route=%2Fwp%2Fv2%2Fmedia&parent=26281"}],"wp:term":[{"taxonomy":"category","embeddable":true,"href":"https:\/\/letempsmag.ma\/index.php?rest_route=%2Fwp%2Fv2%2Fcategories&post=26281"},{"taxonomy":"post_tag","embeddable":true,"href":"https:\/\/letempsmag.ma\/index.php?rest_route=%2Fwp%2Fv2%2Ftags&post=26281"}],"curies":[{"name":"wp","href":"https:\/\/api.w.org\/{rel}","templated":true}]}}