{"id":26273,"date":"2023-12-06T11:03:16","date_gmt":"2023-12-06T10:03:16","guid":{"rendered":"https:\/\/letempsmag.ma\/?p=26273"},"modified":"2023-12-06T11:03:18","modified_gmt":"2023-12-06T10:03:18","slug":"inwi-lance-une-operation-de-don-de-sang-a-lechelle-nationale","status":"publish","type":"post","link":"https:\/\/letempsmag.ma\/?p=26273","title":{"rendered":"Inwi lance une op\u00e9ration de don de sang \u00e0 l\u2019\u00e9chelle nationale"},"content":{"rendered":"\n<p>L\u2019op\u00e9rateur Inwi vient de lancer une op\u00e9ration de don de sang \u00e0 l\u2019\u00e9chelle nationale en parall\u00e8le de la Journ\u00e9e Nationale du Don de Sang et de la Journ\u00e9e Mondiale du B\u00e9n\u00e9volat. \u00abInwi r\u00e9it\u00e8re son engagement en faveur de l\u2019action sociale en lan\u00e7ant une op\u00e9ration de don de sang. Cette initiative, lanc\u00e9e en parall\u00e8le avec la Journ\u00e9e Nationale du Don de Sang et la Journ\u00e9e Mondiale du B\u00e9n\u00e9volat, vise \u00e0 sensibiliser les citoyens \u00e0 l\u2019importance du don de sang et \u00e0 encourager l\u2019esprit de b\u00e9n\u00e9volat \u00e0 travers le Royaume\u00bb, indique Inwi dans un communiqu\u00e9.<\/p>\n\n\n\n<p>Plus de 1.000 b\u00e9n\u00e9voles et donateurs prennent part \u00e0 cette op\u00e9ration qui se d\u00e9ploiera dans 10 villes o\u00f9 la mobilisation des collectifs est la plus active. Ainsi, l\u2019op\u00e9ration touche les villes d\u2019Agadir, Taroudant, Martil, Oujda, Mekn\u00e8s, Nador, Ouarzazate, Al-Hoceima, Casablanca et Marrakech. \u00c0 cet effet, Inwi fait appel \u00e0 une dizaine d\u2019associations locales et partenaires du programme \u00abDir Iddik\u00bb pour assurer le succ\u00e8s de cette initiative.<\/p>\n\n\n\n<p>Chacune des 10 associations impliqu\u00e9es jouera un r\u00f4le essentiel dans la coordination des actions locales pour la mobilisation des b\u00e9n\u00e9voles et donateurs, et aussi avec les centres nationaux de transfusion sanguine pour mieux fluidifier le process du don de sang. Inwi encourage tous les citoyens marocains \u00e0 se joindre \u00e0 cette initiative noble et \u00e0 faire preuve de g\u00e9n\u00e9rosit\u00e9 en participant activement aux sessions de don de sang organis\u00e9es dans leurs villes respectives. Cette action collective contribuera \u00e0 renforcer la r\u00e9serve nationale de sang.<\/p>\n\n\n\n<p>Un appel \u00e0 b\u00e9n\u00e9voles a \u00e9t\u00e9 lanc\u00e9 sur la plateforme \u00abwww.diriddik.ma\u00bb pour mobiliser le maximum de donateurs et sensibiliser autour de l\u2019importance et la criticit\u00e9 du don de sang au niveau national.<\/p>\n\n\n\n<p><strong>C. A.<\/strong><\/p>\n","protected":false},"excerpt":{"rendered":"<p>L\u2019op\u00e9rateur Inwi vient de lancer une op\u00e9ration de don de sang \u00e0 l\u2019\u00e9chelle nationale en parall\u00e8le de la Journ\u00e9e Nationale du Don de Sang et de la Journ\u00e9e Mondiale du B\u00e9n\u00e9volat. \u00abInwi r\u00e9it\u00e8re son engagement en faveur de l\u2019action sociale en lan\u00e7ant une op\u00e9ration de don de sang. Cette initiative, lanc\u00e9e en parall\u00e8le avec la &hellip;<\/p>\n","protected":false},"author":9,"featured_media":26276,"comment_status":"open","ping_status":"closed","sticky":false,"template":"","format":"standard","meta":{"footnotes":""},"categories":[1204],"tags":[],"class_list":["post-26273","post","type-post","status-publish","format-standard","has-post-thumbnail","hentry","category-dir-iddik"],"_links":{"self":[{"href":"https:\/\/letempsmag.ma\/index.php?rest_route=\/wp\/v2\/posts\/26273","targetHints":{"allow":["GET"]}}],"collection":[{"href":"https:\/\/letempsmag.ma\/index.php?rest_route=\/wp\/v2\/posts"}],"about":[{"href":"https:\/\/letempsmag.ma\/index.php?rest_route=\/wp\/v2\/types\/post"}],"author":[{"embeddable":true,"href":"https:\/\/letempsmag.ma\/index.php?rest_route=\/wp\/v2\/users\/9"}],"replies":[{"embeddable":true,"href":"https:\/\/letempsmag.ma\/index.php?rest_route=%2Fwp%2Fv2%2Fcomments&post=26273"}],"version-history":[{"count":1,"href":"https:\/\/letempsmag.ma\/index.php?rest_route=\/wp\/v2\/posts\/26273\/revisions"}],"predecessor-version":[{"id":26277,"href":"https:\/\/letempsmag.ma\/index.php?rest_route=\/wp\/v2\/posts\/26273\/revisions\/26277"}],"wp:featuredmedia":[{"embeddable":true,"href":"https:\/\/letempsmag.ma\/index.php?rest_route=\/wp\/v2\/media\/26276"}],"wp:attachment":[{"href":"https:\/\/letempsmag.ma\/index.php?rest_route=%2Fwp%2Fv2%2Fmedia&parent=26273"}],"wp:term":[{"taxonomy":"category","embeddable":true,"href":"https:\/\/letempsmag.ma\/index.php?rest_route=%2Fwp%2Fv2%2Fcategories&post=26273"},{"taxonomy":"post_tag","embeddable":true,"href":"https:\/\/letempsmag.ma\/index.php?rest_route=%2Fwp%2Fv2%2Ftags&post=26273"}],"curies":[{"name":"wp","href":"https:\/\/api.w.org\/{rel}","templated":true}]}}