{"id":26073,"date":"2023-11-22T14:45:49","date_gmt":"2023-11-22T13:45:49","guid":{"rendered":"https:\/\/letempsmag.ma\/?p=26073"},"modified":"2023-11-22T14:45:50","modified_gmt":"2023-11-22T13:45:50","slug":"vague-de-froid-loperation-riaya-2023-2024-est-lancee","status":"publish","type":"post","link":"https:\/\/letempsmag.ma\/?p=26073","title":{"rendered":"Vague de froid: l&#8217;op\u00e9ration \u00abRiaya 2023-2024\u00bb est lanc\u00e9e"},"content":{"rendered":"\n<p>En ex\u00e9cution des hautes instructions Royales, le minist\u00e8re de la Sant\u00e9 et de la Protection sociale a lanc\u00e9 l&#8217;op\u00e9ration \u00abRiaya 2023-2024\u00bb visant \u00e0 renforcer les services de sant\u00e9 de proximit\u00e9 en faveur des populations des zones touch\u00e9es par la vague de froid. Le minist\u00e8re pr\u00e9cise dans un communiqu\u00e9 que cette op\u00e9ration, men\u00e9e du 15 novembre 2023 au 30 mars 2024, vise \u00e0 assurer une r\u00e9ponse ad\u00e9quate aux besoins en prestations de soins des populations habitant dans les zones touch\u00e9es par la vague de froid et les zones enclav\u00e9es du milieu rural.<\/p>\n\n\n\n<p>Le communiqu\u00e9 indique aussi que \u00abRiaya 2023-2024\u00bb est pr\u00e9vue pour 31 provinces relevant de 8 r\u00e9gions, \u00e0 savoir Tanger-T\u00e9touan-Al Hoceima (Chefchaouen, Al Hoceima, Ouezzane et Larache), l&#8217;Oriental (Taourirt, Figuig, Driouech, J\u00e9rada, Guercif, Oujda-Angad), F\u00e8s-Mekn\u00e8s (Taounate, Taza, Ifrane, Sefrou, Boulemane et El Hajeb), B\u00e9ni Mellal-Kh\u00e9nifra (B\u00e9ni Mellal, Azilal et Kh\u00e9nifra), Dr\u00e2a-Tafilalet (Midelt, Zagora, Ouarzazate, Errachidia et Tinghir), Souss-Massa (Taroudant, Chtouka Ait Baha et Tata), Marrakech-Safi (Chichaoua et Al Haouz) et Rabat-Sal\u00e9-K\u00e9nitra (Kh\u00e9misset).<\/p>\n\n\n\n<p>Le minist\u00e8re ajoute que l\u2019objectif de cette op\u00e9ration est aussi d&#8217;intensifier les activit\u00e9s des unit\u00e9s m\u00e9dicales mobiles au niveau des localit\u00e9s \u00e0 risque identifi\u00e9es, assurer la prise en charge par les caravanes m\u00e9dicales sp\u00e9cialis\u00e9es et par les h\u00f4pitaux de r\u00e9f\u00e9rence identifi\u00e9s et assurer une prise en charge \u00e0 temps des cas urgents.<\/p>\n\n\n\n<p>Il faut rappeler que les principaux objectifs op\u00e9rationnels de cette initiative consistent \u00e0 assurer la disponibilit\u00e9 des ressources humaines, des \u00e9quipements, des m\u00e9dicaments et produits de sant\u00e9, au niveau de 745 centres de sant\u00e9, mener 3.766 sorties des unit\u00e9s m\u00e9dicales mobiles aux localit\u00e9s et points de rassemblement de la population enclav\u00e9e, organiser 175 caravanes m\u00e9dicales sp\u00e9cialis\u00e9es et des mini caravanes m\u00e9dicales sp\u00e9cialis\u00e9es pour assurer la prise en charge des patients identifi\u00e9s, ainsi qu&#8217;\u00e0 mettre en place un syst\u00e8me de r\u00e9gulation entre les unit\u00e9s m\u00e9dicales mobiles, les \u00e9tablissements de soins de sant\u00e9 primaires, les caravanes m\u00e9dicales sp\u00e9cialis\u00e9es, mini caravanes m\u00e9dicales sp\u00e9cialis\u00e9es et le R\u00e9seau Int\u00e9gr\u00e9 de Soins d&#8217;Urgence M\u00e9dicale (RISUM).<\/p>\n\n\n\n<p>2.028 professionnels de sant\u00e9 (m\u00e9decins, infirmiers, pharmacien, techniciens et personnel administratifs) seront mobilis\u00e9s pour l\u2019op\u00e9ration \u00abRiaya 2023-2024\u00bb, des \u00e9quipements m\u00e9dico-techniques de diagnostic (\u00e9chographes mobiles, mini-analyseurs mobiles pour les examens de laboratoire, fauteuils dentaires, r\u00e9fractom\u00e8tres, et autres \u00e9quipements selon le besoin), ainsi qu&#8217;un important nombre d\u2019unit\u00e9s sanitaires mobiles, camions et cliniques mobiles, ambulances.<br>En ce qui concerne les m\u00e9dicaments et tangibles, un budget estim\u00e9 \u00e0 10,23 millions de dirhams sera allou\u00e9, \u00e0 titre de dotation sp\u00e9ciale en appui aux d\u00e9l\u00e9gations du minist\u00e8re de la Sant\u00e9 et de la Protection Sociale (en plus du budget allou\u00e9 \u00e0 la province annuellement), pour les frais de carburant et d&#8217;entretien, un budget de plus de 2,55 millions DH est pr\u00e9vu, \u00e0 titre de dotation sp\u00e9ciale en appui aux d\u00e9l\u00e9gations du minist\u00e8re, en plus du budget allou\u00e9 \u00e0 la Province annuellement.<\/p>\n\n\n\n<p><strong>L. F.<\/strong><\/p>\n","protected":false},"excerpt":{"rendered":"<p>En ex\u00e9cution des hautes instructions Royales, le minist\u00e8re de la Sant\u00e9 et de la Protection sociale a lanc\u00e9 l&#8217;op\u00e9ration \u00abRiaya 2023-2024\u00bb visant \u00e0 renforcer les services de sant\u00e9 de proximit\u00e9 en faveur des populations des zones touch\u00e9es par la vague de froid. Le minist\u00e8re pr\u00e9cise dans un communiqu\u00e9 que cette op\u00e9ration, men\u00e9e du 15 novembre &hellip;<\/p>\n","protected":false},"author":9,"featured_media":26074,"comment_status":"open","ping_status":"closed","sticky":false,"template":"","format":"standard","meta":{"footnotes":""},"categories":[40],"tags":[],"class_list":["post-26073","post","type-post","status-publish","format-standard","has-post-thumbnail","hentry","category-social"],"_links":{"self":[{"href":"https:\/\/letempsmag.ma\/index.php?rest_route=\/wp\/v2\/posts\/26073","targetHints":{"allow":["GET"]}}],"collection":[{"href":"https:\/\/letempsmag.ma\/index.php?rest_route=\/wp\/v2\/posts"}],"about":[{"href":"https:\/\/letempsmag.ma\/index.php?rest_route=\/wp\/v2\/types\/post"}],"author":[{"embeddable":true,"href":"https:\/\/letempsmag.ma\/index.php?rest_route=\/wp\/v2\/users\/9"}],"replies":[{"embeddable":true,"href":"https:\/\/letempsmag.ma\/index.php?rest_route=%2Fwp%2Fv2%2Fcomments&post=26073"}],"version-history":[{"count":1,"href":"https:\/\/letempsmag.ma\/index.php?rest_route=\/wp\/v2\/posts\/26073\/revisions"}],"predecessor-version":[{"id":26075,"href":"https:\/\/letempsmag.ma\/index.php?rest_route=\/wp\/v2\/posts\/26073\/revisions\/26075"}],"wp:featuredmedia":[{"embeddable":true,"href":"https:\/\/letempsmag.ma\/index.php?rest_route=\/wp\/v2\/media\/26074"}],"wp:attachment":[{"href":"https:\/\/letempsmag.ma\/index.php?rest_route=%2Fwp%2Fv2%2Fmedia&parent=26073"}],"wp:term":[{"taxonomy":"category","embeddable":true,"href":"https:\/\/letempsmag.ma\/index.php?rest_route=%2Fwp%2Fv2%2Fcategories&post=26073"},{"taxonomy":"post_tag","embeddable":true,"href":"https:\/\/letempsmag.ma\/index.php?rest_route=%2Fwp%2Fv2%2Ftags&post=26073"}],"curies":[{"name":"wp","href":"https:\/\/api.w.org\/{rel}","templated":true}]}}