{"id":25980,"date":"2023-11-17T10:03:57","date_gmt":"2023-11-17T09:03:57","guid":{"rendered":"https:\/\/letempsmag.ma\/?p=25980"},"modified":"2023-11-17T10:25:53","modified_gmt":"2023-11-17T09:25:53","slug":"sochepress-en-force-au-salon-international-du-livre-enfant-et-jeunesse","status":"publish","type":"post","link":"https:\/\/letempsmag.ma\/?p=25980","title":{"rendered":"Sochepress en force au Salon International du Livre Enfant et Jeunesse"},"content":{"rendered":"\n<p>Sochepress Culture &amp; Education, acteur engag\u00e9 dans la promotion d&#8217;une culture accessible au Maroc, annonce sa pr\u00e9sence \u00e0 la premi\u00e8re \u00e9dition du Salon International du Livre Enfant et Jeunesse, qui se tient du 15 au 22 novembre courant \u00e0 Casablanca.<\/p>\n\n\n\n<p>Pour sa premi\u00e8re participation \u00e0 ce Salon, Sochepress Culture &amp; Education a promis une exp\u00e9rience impactante et enrichissante. Avec une programmation vari\u00e9e et au go\u00fbt du jour, sa pr\u00e9sence est articul\u00e9e autour d&#8217;un stand proposant une offre litt\u00e9raire multilingue de plus de 4.000 r\u00e9f\u00e9rences, mettant en avant les auteurs pl\u00e9biscit\u00e9s par les jeunes lecteurs. Une programmation riche de rencontres avec les auteurs est \u00e9galement mise en \u0153uvre.<\/p>\n\n\n\n<p>Le stand de Sochepress permet de s&#8217;immerger dans l&#8217;univers fascinant de la litt\u00e9rature jeunesse gr\u00e2ce \u00e0 une offre compos\u00e9e de livres captivants, r\u00e9pondant \u00e0 toutes les envies des jeunes lecteurs. Des romans graphiques aux bandes dessin\u00e9es, la s\u00e9lection a \u00e9t\u00e9 soigneusement \u00e9labor\u00e9e afin de permettre aux jeunes lecteurs de d\u00e9couvrir le plaisir de la lecture tout en explorant diff\u00e9rentes cultures.<\/p>\n\n\n\n<p>Un programme de signatures d&#8217;auteurs au sein du stand Sochepress est \u00e9galement pr\u00e9vu, afin de permettre aux lecteurs de rencontrer leurs auteurs pr\u00e9f\u00e9r\u00e9s.<\/p>\n\n\n\n<p><\/p>\n","protected":false},"excerpt":{"rendered":"<p>Sochepress Culture &amp; Education, acteur engag\u00e9 dans la promotion d&#8217;une culture accessible au Maroc, annonce sa pr\u00e9sence \u00e0 la premi\u00e8re \u00e9dition du Salon International du Livre Enfant et Jeunesse, qui se tient du 15 au 22 novembre courant \u00e0 Casablanca. Pour sa premi\u00e8re participation \u00e0 ce Salon, Sochepress Culture &amp; Education a promis une exp\u00e9rience &hellip;<\/p>\n","protected":false},"author":9,"featured_media":25981,"comment_status":"open","ping_status":"closed","sticky":false,"template":"","format":"standard","meta":{"footnotes":""},"categories":[51],"tags":[],"class_list":["post-25980","post","type-post","status-publish","format-standard","has-post-thumbnail","hentry","category-culture"],"_links":{"self":[{"href":"https:\/\/letempsmag.ma\/index.php?rest_route=\/wp\/v2\/posts\/25980","targetHints":{"allow":["GET"]}}],"collection":[{"href":"https:\/\/letempsmag.ma\/index.php?rest_route=\/wp\/v2\/posts"}],"about":[{"href":"https:\/\/letempsmag.ma\/index.php?rest_route=\/wp\/v2\/types\/post"}],"author":[{"embeddable":true,"href":"https:\/\/letempsmag.ma\/index.php?rest_route=\/wp\/v2\/users\/9"}],"replies":[{"embeddable":true,"href":"https:\/\/letempsmag.ma\/index.php?rest_route=%2Fwp%2Fv2%2Fcomments&post=25980"}],"version-history":[{"count":2,"href":"https:\/\/letempsmag.ma\/index.php?rest_route=\/wp\/v2\/posts\/25980\/revisions"}],"predecessor-version":[{"id":26000,"href":"https:\/\/letempsmag.ma\/index.php?rest_route=\/wp\/v2\/posts\/25980\/revisions\/26000"}],"wp:featuredmedia":[{"embeddable":true,"href":"https:\/\/letempsmag.ma\/index.php?rest_route=\/wp\/v2\/media\/25981"}],"wp:attachment":[{"href":"https:\/\/letempsmag.ma\/index.php?rest_route=%2Fwp%2Fv2%2Fmedia&parent=25980"}],"wp:term":[{"taxonomy":"category","embeddable":true,"href":"https:\/\/letempsmag.ma\/index.php?rest_route=%2Fwp%2Fv2%2Fcategories&post=25980"},{"taxonomy":"post_tag","embeddable":true,"href":"https:\/\/letempsmag.ma\/index.php?rest_route=%2Fwp%2Fv2%2Ftags&post=25980"}],"curies":[{"name":"wp","href":"https:\/\/api.w.org\/{rel}","templated":true}]}}