{"id":25977,"date":"2023-11-17T10:01:26","date_gmt":"2023-11-17T09:01:26","guid":{"rendered":"https:\/\/letempsmag.ma\/?p=25977"},"modified":"2023-11-17T10:24:16","modified_gmt":"2023-11-17T09:24:16","slug":"brand-factory-organise-une-marche-solidaire-dimanche-prochain-a-casablanca","status":"publish","type":"post","link":"https:\/\/letempsmag.ma\/?p=25977","title":{"rendered":"Brand Factory organise une Marche Solidaire dimanche prochain \u00e0 Casablanca"},"content":{"rendered":"\n<p>Afin d&#8217;apporter aide et assistance aux victimes du s\u00e9isme d&#8217;El-Haouz et contribuer \u00e0 l&#8217;effort de solidarit\u00e9 nationale, l&#8217;agence Brand Factory organise en partenariat avec la Fondation Zakoura, une course solidaire le dimanche 19 novembre au Centre sportif \u00abId\u00e9al Stadium\u00bb \u00e0 Casablanca.<\/p>\n\n\n\n<p>Cette marche solidaire a pour but de contribuer au d\u00e9veloppement socio-\u00e9conomique des douars touch\u00e9s. \u00abNous voulons ainsi apporter un soutien essentiel aux populations sinistr\u00e9es en leur offrant un environnement d&#8217;apprentissage s\u00fbr et ad\u00e9quat\u00bb, d\u00e9clarent les organisateurs.<\/p>\n\n\n\n<p>Pour Brand Factory, l&#8217;organisation de cette marche solidaire rentre dans le cadre des actions de RSE men\u00e9es par l&#8217;agence depuis la crise sanitaire du \u00abCovid-19\u00bb, notamment les Ftours du C\u0153ur et les actions en faveur des enfants hospitalis\u00e9s ou en situation pr\u00e9caire.<\/p>\n\n\n\n<p>Fond\u00e9e et dirig\u00e9e par Nawal Houti (photo), Brand Factory est l&#8217;union de comp\u00e9tences compos\u00e9es de passionn\u00e9s de la g\u00e9n\u00e9ration X et Y, combinant ainsi l&#8217;exp\u00e9rience des premiers et la vie connect\u00e9e des seconds. Chez Brand Factory, c&#8217;est en effet un vrai melting-pot g\u00e9n\u00e9rationnel o\u00f9 certains ont connu la communication traditionnelle, essentiellement bas\u00e9e sur le print (X) et ont vu na\u00eetre l&#8217;internet, tandis que d&#8217;autres (Y) sont n\u00e9s avec le web, rompus aux nouvelles technologies et \u00e0 leurs vitesses d&#8217;\u00e9volution. Cette mixit\u00e9 permet un partage des connaissances et une efficacit\u00e9 optimis\u00e9e pour chaque projet sur lesquels nous travaillons.<\/p>\n\n\n\n<p>A travers une d\u00e9marche \u00e0 360 degr\u00e9s, l&#8217;agence offre une expertise dans plusieurs domaines majeurs de la communication, notamment le conseil strat\u00e9gique, les relations m\u00e9dias (traditionnels et 2.0), relations publiques, relations influenceurs, social media et E-r\u00e9putation.<\/p>\n\n\n\n<p>Quant \u00e0 la Fondation Zakoura, c&#8217;est une ONG reconnue d&#8217;utilit\u00e9 publique, \u0153uvrant depuis plus d&#8217;un quart de si\u00e8cle en faveur du d\u00e9veloppement humain par le biais de l&#8217;\u00e9ducation des enfants, la formation des jeunes et l&#8217;autonomisation des femmes en milieu rural. Elle a ainsi d\u00e9velopp\u00e9 une expertise unique dans le d\u00e9ploiement de projets socio-\u00e9ducatifs \u00e0 destination des populations en milieu rural et b\u00e9n\u00e9ficie de l&#8217;appui et du soutien de partenaires nationaux et internationaux.<\/p>\n\n\n\n<p>(Photo&nbsp;: TelQuel).<\/p>\n\n\n\n<p><\/p>\n","protected":false},"excerpt":{"rendered":"<p>Afin d&#8217;apporter aide et assistance aux victimes du s\u00e9isme d&#8217;El-Haouz et contribuer \u00e0 l&#8217;effort de solidarit\u00e9 nationale, l&#8217;agence Brand Factory organise en partenariat avec la Fondation Zakoura, une course solidaire le dimanche 19 novembre au Centre sportif \u00abId\u00e9al Stadium\u00bb \u00e0 Casablanca. Cette marche solidaire a pour but de contribuer au d\u00e9veloppement socio-\u00e9conomique des douars touch\u00e9s. &hellip;<\/p>\n","protected":false},"author":9,"featured_media":25978,"comment_status":"open","ping_status":"closed","sticky":false,"template":"","format":"standard","meta":{"footnotes":""},"categories":[1176],"tags":[],"class_list":["post-25977","post","type-post","status-publish","format-standard","has-post-thumbnail","hentry","category-post-seisme-2"],"_links":{"self":[{"href":"https:\/\/letempsmag.ma\/index.php?rest_route=\/wp\/v2\/posts\/25977","targetHints":{"allow":["GET"]}}],"collection":[{"href":"https:\/\/letempsmag.ma\/index.php?rest_route=\/wp\/v2\/posts"}],"about":[{"href":"https:\/\/letempsmag.ma\/index.php?rest_route=\/wp\/v2\/types\/post"}],"author":[{"embeddable":true,"href":"https:\/\/letempsmag.ma\/index.php?rest_route=\/wp\/v2\/users\/9"}],"replies":[{"embeddable":true,"href":"https:\/\/letempsmag.ma\/index.php?rest_route=%2Fwp%2Fv2%2Fcomments&post=25977"}],"version-history":[{"count":2,"href":"https:\/\/letempsmag.ma\/index.php?rest_route=\/wp\/v2\/posts\/25977\/revisions"}],"predecessor-version":[{"id":25999,"href":"https:\/\/letempsmag.ma\/index.php?rest_route=\/wp\/v2\/posts\/25977\/revisions\/25999"}],"wp:featuredmedia":[{"embeddable":true,"href":"https:\/\/letempsmag.ma\/index.php?rest_route=\/wp\/v2\/media\/25978"}],"wp:attachment":[{"href":"https:\/\/letempsmag.ma\/index.php?rest_route=%2Fwp%2Fv2%2Fmedia&parent=25977"}],"wp:term":[{"taxonomy":"category","embeddable":true,"href":"https:\/\/letempsmag.ma\/index.php?rest_route=%2Fwp%2Fv2%2Fcategories&post=25977"},{"taxonomy":"post_tag","embeddable":true,"href":"https:\/\/letempsmag.ma\/index.php?rest_route=%2Fwp%2Fv2%2Ftags&post=25977"}],"curies":[{"name":"wp","href":"https:\/\/api.w.org\/{rel}","templated":true}]}}