{"id":25957,"date":"2023-11-15T11:06:12","date_gmt":"2023-11-15T10:06:12","guid":{"rendered":"https:\/\/letempsmag.ma\/?p=25957"},"modified":"2023-11-15T11:06:13","modified_gmt":"2023-11-15T10:06:13","slug":"londa-revele-le-lifting-du-terminal-1-de-laeroport-de-tanger","status":"publish","type":"post","link":"https:\/\/letempsmag.ma\/?p=25957","title":{"rendered":"L&#8217;ONDA r\u00e9v\u00e8le le lifting du Terminal 1 de l&#8217;a\u00e9roport de Tanger"},"content":{"rendered":"\n<p>Le Terminal 1 de l&#8217;a\u00e9roport de Tanger vient de d\u00e9voiler ses nouvelles r\u00e9alisations. D\u00e9di\u00e9 auparavant aux vols sp\u00e9ciaux, il est devenu apr\u00e8s sa r\u00e9novation et son r\u00e9am\u00e9nagement, un terminal enti\u00e8rement d\u00e9di\u00e9 au traitement des arriv\u00e9es internationales et nationales.<\/p>\n\n\n\n<p>Cette transformation entre dans le cadre d&#8217;un projet plus global, qualifi\u00e9 de \u00abQuick Wins\u00bb, visant \u00e0 augmenter la capacit\u00e9 d&#8217;accueil de l&#8217;a\u00e9roport Tanger Ibn Batouta et l&#8217;am\u00e9lioration de la fluidit\u00e9 de traitement des flux passagers \u00e0 l&#8217;arriv\u00e9e. Le but&nbsp;: r\u00e9pondre aux besoins d&#8217;\u00e9volution du trafic a\u00e9rien \u00e0 l&#8217;horizon 2027, et ce, en attendant la r\u00e9alisation d&#8217;un nouveau Terminal pr\u00e9vu pour l&#8217;ann\u00e9e 2028.<\/p>\n\n\n\n<p>Le projet comprend \u00e9galement l&#8217;extension des capacit\u00e9s d&#8217;accueil du Terminal 2, en transformant sa zone arriv\u00e9e en salle d&#8217;embarquement, venant ainsi agrandir la salle d&#8217;embarquement actuelle. Ce projet sera achev\u00e9 au cours de 2024.<\/p>\n\n\n\n<p>La nouvelle zone arriv\u00e9e du Terminal 1 allie confort et convivialit\u00e9 et offre un cadre agr\u00e9able pour les passagers. Plus spacieuse, la nouvelle zone de contr\u00f4le des passeports permet d&#8217;assurer un traitement plus fluide des passagers \u00e0 l&#8217;arriv\u00e9e.<\/p>\n\n\n\n<p>La phase achev\u00e9e concerne le r\u00e9am\u00e9nagement et la r\u00e9novation du Terminal 1, qui abrite une zone arriv\u00e9e dot\u00e9e de&nbsp;:<\/p>\n\n\n\n<p>&#8211; Zone d&#8217;immigration sur 870 m2 au lieu de 600 m2.<\/p>\n\n\n\n<p>&#8211; Zone des formalit\u00e9s douani\u00e8res sur 225 m2 au lieu de 150 m2.<\/p>\n\n\n\n<p>&#8211; Facilit\u00e9s aux personnes \u00e0 mobilit\u00e9 r\u00e9duite.<\/p>\n\n\n\n<p>&#8211; Nombre de lignes de traitement avec \u00abX Ray\u00bb&nbsp;: 3 au lieu de 1.<\/p>\n\n\n\n<p>&#8211; Carrousel de livraison des bagages compos\u00e9 de 2 tapis de 118 ml extensibles \u00e0 143 ml.<\/p>\n\n\n\n<p>&#8211; Am\u00e9nagement des blocs sanitaires.<\/p>\n\n\n\n<p>&#8211; Am\u00e9nagement des bureaux des partenaires&nbsp;: Service de S\u00fbret\u00e9 DGSN, syst\u00e8me de gestion des postes fronti\u00e8res, unit\u00e9 m\u00e9dicale d&#8217;urgence, litige bagages&#8230;<\/p>\n\n\n\n<p>Les phases restant \u00e0 lancer&nbsp;:<\/p>\n\n\n\n<p>&#8211; R\u00e9am\u00e9nagement de la zone d\u00e9part du Terminal 2.<\/p>\n\n\n\n<p>Transformation de la zone arriv\u00e9e du Terminal 2 en salle d&#8217;embarquement et son fusionnement avec la salle d&#8217;embarquement actuelle.<\/p>\n\n\n\n<p>&#8211; Am\u00e9nagement d&#8217;une nouvelle salle d&#8217;embarquement domestique.<\/p>\n\n\n\n<p>&#8211; Renforcement des postes de contr\u00f4le de s\u00fbret\u00e9.<\/p>\n\n\n\n<p>Parall\u00e8lement, l&#8217;Office National des A\u00e9roports (ONDA) a lanc\u00e9 r\u00e9cemment un concours architectural pour la construction d&#8217;un nouveau Terminal de grande dimension, permettant de r\u00e9pondre \u00e0 la croissance du trafic \u00e0 l&#8217;horizon 2040 et la construction d&#8217;une nouvelle tour de contr\u00f4le ainsi que divers am\u00e9nagements ext\u00e9rieurs. Ce projet vise la modernisation et le d\u00e9veloppement des installations a\u00e9roportuaires pour se conformer aux exigences en vigueur en termes de s\u00fbret\u00e9, de s\u00e9curit\u00e9 et de qualit\u00e9 des services et accompagner ainsi la hausse du trafic a\u00e9rien pr\u00e9vue \u00e0 moyen terme.<\/p>\n\n\n\n<p>Pr\u00e9cisons que l&#8217;a\u00e9roport de Tanger est li\u00e9 \u00e0 25 destinations internationales, desservant l&#8217;a\u00e9roport via 108 fr\u00e9quences hebdomadaires. La quasi-totalit\u00e9 de ces destinations sont europ\u00e9ennes, en plus d&#8217;une destination avec le Caire. L&#8217;a\u00e9roport de Tanger est \u00e9galement connect\u00e9 \u00e0 quatre destinations nationales via 12 fr\u00e9quences hebdomadaires.<\/p>\n","protected":false},"excerpt":{"rendered":"<p>Le Terminal 1 de l&#8217;a\u00e9roport de Tanger vient de d\u00e9voiler ses nouvelles r\u00e9alisations. D\u00e9di\u00e9 auparavant aux vols sp\u00e9ciaux, il est devenu apr\u00e8s sa r\u00e9novation et son r\u00e9am\u00e9nagement, un terminal enti\u00e8rement d\u00e9di\u00e9 au traitement des arriv\u00e9es internationales et nationales. Cette transformation entre dans le cadre d&#8217;un projet plus global, qualifi\u00e9 de \u00abQuick Wins\u00bb, visant \u00e0 augmenter &hellip;<\/p>\n","protected":false},"author":9,"featured_media":25958,"comment_status":"open","ping_status":"closed","sticky":false,"template":"","format":"standard","meta":{"footnotes":""},"categories":[53],"tags":[],"class_list":["post-25957","post","type-post","status-publish","format-standard","has-post-thumbnail","hentry","category-aerien"],"_links":{"self":[{"href":"https:\/\/letempsmag.ma\/index.php?rest_route=\/wp\/v2\/posts\/25957","targetHints":{"allow":["GET"]}}],"collection":[{"href":"https:\/\/letempsmag.ma\/index.php?rest_route=\/wp\/v2\/posts"}],"about":[{"href":"https:\/\/letempsmag.ma\/index.php?rest_route=\/wp\/v2\/types\/post"}],"author":[{"embeddable":true,"href":"https:\/\/letempsmag.ma\/index.php?rest_route=\/wp\/v2\/users\/9"}],"replies":[{"embeddable":true,"href":"https:\/\/letempsmag.ma\/index.php?rest_route=%2Fwp%2Fv2%2Fcomments&post=25957"}],"version-history":[{"count":1,"href":"https:\/\/letempsmag.ma\/index.php?rest_route=\/wp\/v2\/posts\/25957\/revisions"}],"predecessor-version":[{"id":25959,"href":"https:\/\/letempsmag.ma\/index.php?rest_route=\/wp\/v2\/posts\/25957\/revisions\/25959"}],"wp:featuredmedia":[{"embeddable":true,"href":"https:\/\/letempsmag.ma\/index.php?rest_route=\/wp\/v2\/media\/25958"}],"wp:attachment":[{"href":"https:\/\/letempsmag.ma\/index.php?rest_route=%2Fwp%2Fv2%2Fmedia&parent=25957"}],"wp:term":[{"taxonomy":"category","embeddable":true,"href":"https:\/\/letempsmag.ma\/index.php?rest_route=%2Fwp%2Fv2%2Fcategories&post=25957"},{"taxonomy":"post_tag","embeddable":true,"href":"https:\/\/letempsmag.ma\/index.php?rest_route=%2Fwp%2Fv2%2Ftags&post=25957"}],"curies":[{"name":"wp","href":"https:\/\/api.w.org\/{rel}","templated":true}]}}