{"id":25951,"date":"2023-11-15T11:02:13","date_gmt":"2023-11-15T10:02:13","guid":{"rendered":"https:\/\/letempsmag.ma\/?p=25951"},"modified":"2023-11-15T11:02:14","modified_gmt":"2023-11-15T10:02:14","slug":"le-patron-de-frs-iberia-maroc-invite-ses-pairs-a-un-conclave-a-marrakech-en-2024","status":"publish","type":"post","link":"https:\/\/letempsmag.ma\/?p=25951","title":{"rendered":"Le patron de FRS Iberia Maroc invite ses pairs \u00e0 un conclave \u00e0 Marrakech en 2024"},"content":{"rendered":"\n<p>Le Directeur G\u00e9n\u00e9ral de FRS Iberia Maroc, Ronny Moriana Glindemann (2\u00e8me&nbsp;\u00e0 partir de la droite sur la photo), vient d&#8217;\u00eatre nomm\u00e9 nouveau Pr\u00e9sident de l&#8217;association internationale Interferry, lors de la 47\u00e8me&nbsp;\u00e9dition de la conf\u00e9rence annuelle de l&#8217;organisation, tenue \u00e0 Hobart (Tasmanie) du 4 au 8 novembre dernier.<\/p>\n\n\n\n<p>En tant que nouveau Pr\u00e9sident, Ronny Moriana Glindemann a annonc\u00e9 que la prochaine conf\u00e9rence annuelle se tiendra \u00e0 Marrakech \u00e0 la derni\u00e8re semaine d&#8217;octobre 2024. Cette future r\u00e9union, la premi\u00e8re \u00e0 se d\u00e9rouler en Afrique, aura pour principal objectif de valoriser l&#8217;am\u00e9lioration de l&#8217;exp\u00e9rience-client et la durabilit\u00e9.<\/p>\n\n\n\n<p>\u00abC&#8217;est pour moi un honneur et un plaisir d&#8217;inviter des repr\u00e9sentants de l&#8217;industrie maritime mondiale \u00e0 Interferry 2024, la premi\u00e8re \u00e9dition qui se tiendra en Afrique, plus pr\u00e9cis\u00e9ment \u00e0 Marrakech, l&#8217;une des villes les plus importantes du Maroc\u00bb, a d\u00e9clar\u00e9 Ronny Moriana Glindemann.<\/p>\n\n\n\n<p>Avec plus de 260 entreprises membres et plus de 1.000 personnes de 40 pays, Interferry couvre un large \u00e9ventail de compagnies maritimes, y compris les navires \u00abRoPax\u00bb, \u00abRoRo\u00bb, les croisi\u00e8res, les ferries rapides ainsi que les ferries de passagers.<\/p>\n","protected":false},"excerpt":{"rendered":"<p>Le Directeur G\u00e9n\u00e9ral de FRS Iberia Maroc, Ronny Moriana Glindemann (2\u00e8me&nbsp;\u00e0 partir de la droite sur la photo), vient d&#8217;\u00eatre nomm\u00e9 nouveau Pr\u00e9sident de l&#8217;association internationale Interferry, lors de la 47\u00e8me&nbsp;\u00e9dition de la conf\u00e9rence annuelle de l&#8217;organisation, tenue \u00e0 Hobart (Tasmanie) du 4 au 8 novembre dernier. En tant que nouveau Pr\u00e9sident, Ronny Moriana Glindemann &hellip;<\/p>\n","protected":false},"author":9,"featured_media":25952,"comment_status":"open","ping_status":"closed","sticky":false,"template":"","format":"standard","meta":{"footnotes":""},"categories":[841],"tags":[],"class_list":["post-25951","post","type-post","status-publish","format-standard","has-post-thumbnail","hentry","category-maritime"],"_links":{"self":[{"href":"https:\/\/letempsmag.ma\/index.php?rest_route=\/wp\/v2\/posts\/25951","targetHints":{"allow":["GET"]}}],"collection":[{"href":"https:\/\/letempsmag.ma\/index.php?rest_route=\/wp\/v2\/posts"}],"about":[{"href":"https:\/\/letempsmag.ma\/index.php?rest_route=\/wp\/v2\/types\/post"}],"author":[{"embeddable":true,"href":"https:\/\/letempsmag.ma\/index.php?rest_route=\/wp\/v2\/users\/9"}],"replies":[{"embeddable":true,"href":"https:\/\/letempsmag.ma\/index.php?rest_route=%2Fwp%2Fv2%2Fcomments&post=25951"}],"version-history":[{"count":1,"href":"https:\/\/letempsmag.ma\/index.php?rest_route=\/wp\/v2\/posts\/25951\/revisions"}],"predecessor-version":[{"id":25953,"href":"https:\/\/letempsmag.ma\/index.php?rest_route=\/wp\/v2\/posts\/25951\/revisions\/25953"}],"wp:featuredmedia":[{"embeddable":true,"href":"https:\/\/letempsmag.ma\/index.php?rest_route=\/wp\/v2\/media\/25952"}],"wp:attachment":[{"href":"https:\/\/letempsmag.ma\/index.php?rest_route=%2Fwp%2Fv2%2Fmedia&parent=25951"}],"wp:term":[{"taxonomy":"category","embeddable":true,"href":"https:\/\/letempsmag.ma\/index.php?rest_route=%2Fwp%2Fv2%2Fcategories&post=25951"},{"taxonomy":"post_tag","embeddable":true,"href":"https:\/\/letempsmag.ma\/index.php?rest_route=%2Fwp%2Fv2%2Ftags&post=25951"}],"curies":[{"name":"wp","href":"https:\/\/api.w.org\/{rel}","templated":true}]}}