{"id":25853,"date":"2023-11-06T13:11:20","date_gmt":"2023-11-06T12:11:20","guid":{"rendered":"https:\/\/letempsmag.ma\/?p=25853"},"modified":"2023-11-06T13:11:21","modified_gmt":"2023-11-06T12:11:21","slug":"la-marche-verte-une-dynamique-de-progres-pour-les-generations-a-venir","status":"publish","type":"post","link":"https:\/\/letempsmag.ma\/?p=25853","title":{"rendered":"La Marche Verte, une dynamique de progr\u00e8s pour les g\u00e9n\u00e9rations \u00e0 venir"},"content":{"rendered":"\n<p>Le peuple marocain c\u00e9l\u00e8bre, ce lundi 6 novembre 2023, le 48\u00e8me&nbsp;anniversaire de la Marche Verte. Une \u00e9pop\u00e9e grav\u00e9e \u00e0 jamais dans les annales de l\u2019histoire moderne du Royaume. Illustration de la parfaite symbiose entre le peuple et le Tr\u00f4ne Alaouite.<\/p>\n\n\n\n<p>Fruit du g\u00e9nie de Feu S.M. Hassan II, cette \u00e9pop\u00e9e historique avait suscit\u00e9 un \u00e9lan patriotique in\u00e9gal\u00e9 et constitue, \u00e0 juste titre, l\u2019une des \u00e9tapes les plus marquantes de l\u2019apr\u00e8s-ind\u00e9pendance et du processus de parach\u00e8vement de l\u2019int\u00e9grit\u00e9 territoriale du Royaume. Il y a quarante-huit ans de cela, en effet, 350.000 volontaires venus des diff\u00e9rentes couches sociales repr\u00e9sentatives de toutes les r\u00e9gions du Royaume avaient r\u00e9pondu \u00e0 l\u2019appel lanc\u00e9 par Feu S.M. Hassan II et s\u2019\u00e9taient dirig\u00e9s en toute s\u00e9r\u00e9nit\u00e9 vers les provinces du Sud en vue de les lib\u00e9rer du joug de l\u2019occupation espagnole, munis de leur seule foi en la justesse de leur cause. Unique en son genre, pacifique de bout en bout, la Marche Verte avait frapp\u00e9 les esprits \u00e0 l\u2019\u00e9poque et forc\u00e9 l\u2019admiration et le respect sous d\u2019autres latitudes.<\/p>\n\n\n\n<p>Les jeunes g\u00e9n\u00e9rations d\u2019aujourd\u2019hui n\u2019en avaient pas v\u00e9cu la f\u00e9brilit\u00e9, en 1975, mais leurs parents en ont connu la gen\u00e8se et le retentissement. 48 ans apr\u00e8s l\u2019\u00e9tincelle allum\u00e9e, la d\u00e9marche visionnaire de S.M. le Roi Mohammed VI a permis d\u2019ancrer le Sahara marocain dans une dynamique de d\u00e9veloppement spectaculaire. De gigantesques projets structurants ont transform\u00e9 ses territoires et l\u2019ont projet\u00e9 dans le 21\u00e8me&nbsp;si\u00e8cle \u00e0 tous les plans&nbsp;: infrastructures, communications, urbanisme, activit\u00e9s \u00e9conomiques, investissements, vie politique et sociale et essor touristique. De l\u2019avis m\u00eame de nombreux sp\u00e9cialistes \u00e9trangers, il faut \u00eatre aveugle pour ne pas voir le degr\u00e9 de d\u00e9veloppement atteint aujourd\u2019hui par les provinces du Sud du Royaume&nbsp;!<\/p>\n\n\n\n<p><strong>LE TEMPS<\/strong><\/p>\n","protected":false},"excerpt":{"rendered":"<p>Le peuple marocain c\u00e9l\u00e8bre, ce lundi 6 novembre 2023, le 48\u00e8me&nbsp;anniversaire de la Marche Verte. Une \u00e9pop\u00e9e grav\u00e9e \u00e0 jamais dans les annales de l\u2019histoire moderne du Royaume. Illustration de la parfaite symbiose entre le peuple et le Tr\u00f4ne Alaouite. Fruit du g\u00e9nie de Feu S.M. Hassan II, cette \u00e9pop\u00e9e historique avait suscit\u00e9 un \u00e9lan &hellip;<\/p>\n","protected":false},"author":9,"featured_media":25854,"comment_status":"open","ping_status":"closed","sticky":false,"template":"","format":"standard","meta":{"footnotes":""},"categories":[219],"tags":[],"class_list":["post-25853","post","type-post","status-publish","format-standard","has-post-thumbnail","hentry","category-anniversaire"],"_links":{"self":[{"href":"https:\/\/letempsmag.ma\/index.php?rest_route=\/wp\/v2\/posts\/25853","targetHints":{"allow":["GET"]}}],"collection":[{"href":"https:\/\/letempsmag.ma\/index.php?rest_route=\/wp\/v2\/posts"}],"about":[{"href":"https:\/\/letempsmag.ma\/index.php?rest_route=\/wp\/v2\/types\/post"}],"author":[{"embeddable":true,"href":"https:\/\/letempsmag.ma\/index.php?rest_route=\/wp\/v2\/users\/9"}],"replies":[{"embeddable":true,"href":"https:\/\/letempsmag.ma\/index.php?rest_route=%2Fwp%2Fv2%2Fcomments&post=25853"}],"version-history":[{"count":1,"href":"https:\/\/letempsmag.ma\/index.php?rest_route=\/wp\/v2\/posts\/25853\/revisions"}],"predecessor-version":[{"id":25855,"href":"https:\/\/letempsmag.ma\/index.php?rest_route=\/wp\/v2\/posts\/25853\/revisions\/25855"}],"wp:featuredmedia":[{"embeddable":true,"href":"https:\/\/letempsmag.ma\/index.php?rest_route=\/wp\/v2\/media\/25854"}],"wp:attachment":[{"href":"https:\/\/letempsmag.ma\/index.php?rest_route=%2Fwp%2Fv2%2Fmedia&parent=25853"}],"wp:term":[{"taxonomy":"category","embeddable":true,"href":"https:\/\/letempsmag.ma\/index.php?rest_route=%2Fwp%2Fv2%2Fcategories&post=25853"},{"taxonomy":"post_tag","embeddable":true,"href":"https:\/\/letempsmag.ma\/index.php?rest_route=%2Fwp%2Fv2%2Ftags&post=25853"}],"curies":[{"name":"wp","href":"https:\/\/api.w.org\/{rel}","templated":true}]}}