{"id":25841,"date":"2023-11-06T13:04:08","date_gmt":"2023-11-06T12:04:08","guid":{"rendered":"https:\/\/letempsmag.ma\/?p=25841"},"modified":"2023-11-06T13:04:10","modified_gmt":"2023-11-06T12:04:10","slug":"defacto-revele-sa-collection-dhiver","status":"publish","type":"post","link":"https:\/\/letempsmag.ma\/?p=25841","title":{"rendered":"DeFacto r\u00e9v\u00e8le sa collection d\u2019hiver"},"content":{"rendered":"\n<p>L\u2019enseigne internationale DeFacto s&#8217;associe \u00e0 la c\u00e9l\u00e8bre actrice turque Afra Sara\u00e7o\u011flu pour incarner sa campagne automne-hiver, avec le lancement de cette campagne, la marque d\u00e9voile une collection qui offre des produits adapt\u00e9s \u00e0 toutes les tranches d&#8217;\u00e2ge et \u00e0 tous les go\u00fbts. Par ailleurs, la marque propose une vaste gamme d&#8217;options de v\u00eatements d&#8217;ext\u00e9rieur con\u00e7ues pour satisfaire les besoins de ceux qui recherchent \u00e0 la fois \u00e9l\u00e9gance et confort lorsque les temp\u00e9ratures baissent.<\/p>\n\n\n\n<p>Dans une pr\u00e9sentation \u00e9l\u00e9gante, l&#8217;ambassadrice de la marque, Afra Sara\u00e7o\u011flu, con\u00e7oit des pi\u00e8ces exclusives pour la collection et expose les v\u00eatements les plus modernes qui deviendront essentiels pour la saison automne-hiver. Cette collection exquise offre des options de v\u00eatements d&#8217;ext\u00e9rieur alternatives adapt\u00e9es aux femmes \u00e9l\u00e9gantes, allant des tenues de tous les jours aux occasions sp\u00e9ciales.<\/p>\n\n\n\n<p>Afra Sara\u00e7o\u011flu, avec sa pr\u00e9sence captivante, donne vie \u00e0 la nouvelle collection de DeFacto en \u00e9tablissant les rep\u00e8res des tendances de la mode pour l&#8217;automne et l&#8217;hiver \u00e0 venir. Des favoris de cette saison, tels que les trenchs et les vestes en cuir, \u00e0 une gamme de manteaux \u00e9l\u00e9gants et color\u00e9s, la vaste gamme de v\u00eatements d&#8217;ext\u00e9rieur de DeFacto se d\u00e9marque par ses derni\u00e8res coupes et ses tissus de haute qualit\u00e9, promettant \u00e0 la fois confort et style en \u00e9gale mesure.<\/p>\n\n\n\n<p>DeFacto ajoute une touche cin\u00e9matographique en lan\u00e7ant sa nouvelle collection \u00e0 travers un spot publicitaire captivant, mettant en vedette sa c\u00e9l\u00e8bre ambassadrice avec un doublage en dialecte marocain, accompagn\u00e9 de sous-titres en fran\u00e7ais pour une touche locale. Ce film fait partie de la campagne \u00abI Love Me\u00bb qui souligne l&#8217;engagement de DeFacto \u00e0 l&#8217;expression de soi et \u00e0 l&#8217;autonomisation.<\/p>\n\n\n\n<p>Avec la fra\u00eecheur de la saison, ceux qui cherchent \u00e0 afficher un look \u00e9l\u00e9gant avec leurs choix de v\u00eatements d&#8217;ext\u00e9rieur peuvent explorer la gamme de produits DeFacto sur le site officiel \u00abwww.defacto.com\u00bb, via l&#8217;application mobile ou directement dans leurs magasins pratiquement situ\u00e9s.<\/p>\n","protected":false},"excerpt":{"rendered":"<p>L\u2019enseigne internationale DeFacto s&#8217;associe \u00e0 la c\u00e9l\u00e8bre actrice turque Afra Sara\u00e7o\u011flu pour incarner sa campagne automne-hiver, avec le lancement de cette campagne, la marque d\u00e9voile une collection qui offre des produits adapt\u00e9s \u00e0 toutes les tranches d&#8217;\u00e2ge et \u00e0 tous les go\u00fbts. Par ailleurs, la marque propose une vaste gamme d&#8217;options de v\u00eatements d&#8217;ext\u00e9rieur con\u00e7ues &hellip;<\/p>\n","protected":false},"author":9,"featured_media":25842,"comment_status":"open","ping_status":"closed","sticky":false,"template":"","format":"standard","meta":{"footnotes":""},"categories":[1187],"tags":[],"class_list":["post-25841","post","type-post","status-publish","format-standard","has-post-thumbnail","hentry","category-mode-design"],"_links":{"self":[{"href":"https:\/\/letempsmag.ma\/index.php?rest_route=\/wp\/v2\/posts\/25841","targetHints":{"allow":["GET"]}}],"collection":[{"href":"https:\/\/letempsmag.ma\/index.php?rest_route=\/wp\/v2\/posts"}],"about":[{"href":"https:\/\/letempsmag.ma\/index.php?rest_route=\/wp\/v2\/types\/post"}],"author":[{"embeddable":true,"href":"https:\/\/letempsmag.ma\/index.php?rest_route=\/wp\/v2\/users\/9"}],"replies":[{"embeddable":true,"href":"https:\/\/letempsmag.ma\/index.php?rest_route=%2Fwp%2Fv2%2Fcomments&post=25841"}],"version-history":[{"count":1,"href":"https:\/\/letempsmag.ma\/index.php?rest_route=\/wp\/v2\/posts\/25841\/revisions"}],"predecessor-version":[{"id":25843,"href":"https:\/\/letempsmag.ma\/index.php?rest_route=\/wp\/v2\/posts\/25841\/revisions\/25843"}],"wp:featuredmedia":[{"embeddable":true,"href":"https:\/\/letempsmag.ma\/index.php?rest_route=\/wp\/v2\/media\/25842"}],"wp:attachment":[{"href":"https:\/\/letempsmag.ma\/index.php?rest_route=%2Fwp%2Fv2%2Fmedia&parent=25841"}],"wp:term":[{"taxonomy":"category","embeddable":true,"href":"https:\/\/letempsmag.ma\/index.php?rest_route=%2Fwp%2Fv2%2Fcategories&post=25841"},{"taxonomy":"post_tag","embeddable":true,"href":"https:\/\/letempsmag.ma\/index.php?rest_route=%2Fwp%2Fv2%2Ftags&post=25841"}],"curies":[{"name":"wp","href":"https:\/\/api.w.org\/{rel}","templated":true}]}}