{"id":25838,"date":"2023-11-06T13:02:09","date_gmt":"2023-11-06T12:02:09","guid":{"rendered":"https:\/\/letempsmag.ma\/?p=25838"},"modified":"2023-11-06T13:02:11","modified_gmt":"2023-11-06T12:02:11","slug":"linvasion-de-gaza-la-propagande-des-medias-occidentaux-et-le-dogme-du-deux-poids-deux-mesures","status":"publish","type":"post","link":"https:\/\/letempsmag.ma\/?p=25838","title":{"rendered":"L\u2019invasion de Gaza, la propagande des m\u00e9dias occidentaux et le dogme du deux poids, deux mesures"},"content":{"rendered":"\n<p><strong>Par ABDELHAK NAJIB<\/strong><\/p>\n\n\n\n<p><strong>\u00c9crivain et journaliste<\/strong><\/p>\n\n\n\n<p>Les faits sont t\u00eatus. Quoi que l\u2019on fasse, ils s\u2019imposent. Et m\u00eame dissimul\u00e9, oblit\u00e9r\u00e9, cach\u00e9 derri\u00e8re un voile opaque de mensonges, un fait reste un fait. Pourtant, malgr\u00e9 l\u2019\u00e9vidence de la trag\u00e9die humaine qui se joue devant les yeux du monde en Palestine, sous occupation isra\u00e9lienne depuis 1948, avec des escalades continues d\u2019agressions et de violations de toutes les lois internationales, l\u2019\u00e9crasante majorit\u00e9 des m\u00e9dias occidentaux s\u2019appliquent religieusement \u00e0 d\u00e9former toutes les r\u00e9alit\u00e9s de ce g\u00e9nocide en bonne et due forme, perp\u00e9tr\u00e9 par l\u2019\u00c9tat d\u2019Isra\u00ebl contre le peuple palestinien. Cha\u00eenes de t\u00e9l\u00e9vision, journaux, magazines, radios, r\u00e9seaux sociaux, plateformes d\u00e9di\u00e9es, d\u00e9bats, interviews, \u00e9missions sp\u00e9ciales, les \u00abjournalistes\u00bb donnent dans la propagande pro-isra\u00e9lienne, de mani\u00e8re ouverte, ostentatoire, clairement assum\u00e9e, sommant leurs invit\u00e9s de condamner la r\u00e9sistance palestinienne, sous peine de ne plus avoir voix au chapitre. Un traitement de l\u2019information qui fait fi de toutes les r\u00e8gles de d\u00e9ontologie telles que nous les connaissons dans le m\u00e9tier de journaliste.<\/p>\n\n\n\n<p>On s\u2019acharne sur tous les invit\u00e9s qui ne montrent pas leur soutien \u00e0 l\u2019arm\u00e9e isra\u00e9lienne. On intimide tous ceux qui avancent des donn\u00e9es ne souffrant aucune ombre sur cette \u00e9puration ethnique qui dure depuis 75 ans. On stigmatise tous ceux qui refusent de travestir leurs opinions pour satisfaire les m\u00e9dias qui veulent, \u00e0 tout prix, inverser les faits, qui veulent les fausser en colportant des mensonges flagrants en toute impunit\u00e9. Exemple simple&nbsp;: devant la mort de plus de 500 personnes apr\u00e8s le bombardement de l\u2019h\u00f4pital de Gaza, les journalistes, comme s\u2019ils s\u2019\u00e9taient donn\u00e9 le mot, ont \u00e9lud\u00e9 ce crime contre l\u2019humanit\u00e9 et matraquent leurs invit\u00e9s, en boucle, faisant la sourde oreille \u00e0 tout ce qui n\u2019est pas une r\u00e9ponse par \u00aboui\u00bb ou par \u00abnon\u00bb \u00e0 une seule question&nbsp;: est-ce que vous condamnez les attaques du Hamas&nbsp;? 500 civils massacr\u00e9s et on doit, co\u00fbte que co\u00fbte, dire d\u2019abord et avant tout, qu\u2019Isra\u00ebl est victime. Sinon, d\u00e9gage, vide le plateau, va voir ailleurs. Et ailleurs, c\u2019est le m\u00eame mode op\u00e9ratoire. D\u2019abord, tu dis que tu es du c\u00f4t\u00e9 des criminels, ensuite, on peut parler&#8230;<\/p>\n\n\n\n<p>Ce n\u2019est pas l\u00e0 du journalisme. Loin s\u2019en faut. Ce n\u2019est pas l\u00e0 le m\u00e9tier que nous avons appris \u00e0 pratiquer. Un journaliste, quoi qu\u2019il fasse, doit \u00eatre du c\u00f4t\u00e9 de la v\u00e9rit\u00e9. Autrement, il change de m\u00e9tier et va travailler avec les services du renseignement. Le journaliste ne conna\u00eet qu\u2019une seule obligation&nbsp;: donner les faits, rien que les faits et veiller \u00e0 leur v\u00e9racit\u00e9. \u00c0 regarder ces hommes et ces femmes agresser leurs invit\u00e9s en leur imposant des pratiques dignes des barbouzes, on est choqu\u00e9 de voir que ces \u00abcommis-journalistes\u00bb sont sans principes, sans convictions, sans valeurs humaines, se bradant \u00e0 la solde de r\u00e9gimes totalitaires sous les oripeaux d\u2019une d\u00e9mocratie mensong\u00e8re.<\/p>\n\n\n\n<p>Comment est-il envisageable pour un journaliste digne de ce nom de voir la v\u00e9rit\u00e9 en face et de la maquiller, la transformer en pur mensonge&nbsp;? Comment peut-on, face \u00e0 un g\u00e9nocide, affirmer sans honte aucune que c\u2019est l\u2019occupant qui est victime et que les populations qui meurent par milliers sont les criminels&nbsp;? Comment peut-on cautionner le meurtre, l\u2019assassinat, l\u2019\u00e9puration ethnique, l\u2019apartheid, le g\u00e9nocide, en connaissance de cause, face aux faits, face aux chiffres, face aux images flagrantes&nbsp;? Malgr\u00e9 l\u2019horreur, les m\u00e9dias occidentaux semblent s\u2019en accommoder, donnant dans la falsification des \u00e9vidences. Au crime contre l\u2019humanit\u00e9 qui se d\u00e9roule devant nos yeux, s\u2019ajoute la complicit\u00e9 de m\u00e9dias \u00e0 la botte de gouvernements occidentaux aveugl\u00e9s par leur haine des Arabes et de l\u2019Islam dont ils ont fait des cibles d\u00e9sign\u00e9es, avec des campagnes de d\u00e9sinformation \u00e0 coup de milliards de dollars, faisant des Arabes et des Musulmans des terroristes potentiels, des ennemis de la modernit\u00e9 et de ce nouvel ordre mondial, construit sur la haine des autres, sur la volont\u00e9 affich\u00e9e et d\u00e9complex\u00e9e de cr\u00e9er des dangers l\u00e0 o\u00f9 il n\u2019y en a pas, de livrer \u00e0 la vindicte publique et m\u00e9diatique, \u00e0 grand renfort d\u2019images truqu\u00e9es, de fake-news et des montages de toute pi\u00e8ce pour manipuler les opinions publiques. Celles-ci \u00e9tant d\u00e9j\u00e0 enclines \u00e0 gober tout ce que les m\u00e9dias leur fourguent en quantit\u00e9 industrielle pour semer la haine, les clivages et exacerber les racismes nourris par la peur et l\u2019angoisse dans un Occident fatigu\u00e9, moribond, sous anti-d\u00e9presseurs, perdant le Nord et accusant le Sud d\u2019\u00eatre la menace \u00e0 \u00e9radiquer.<\/p>\n\n\n\n<p>Dans cette configuration, on v\u00e9rifie \u00e0 quel point l\u2019Occident se fourvoie volontairement. \u00c9tant engag\u00e9 dans une v\u00e9ritable croisade contre les Musulmans et les Arabes, il arrive, tel un mauvais prestidigitateur, \u00e0 se faire croire que cr\u00e9er une coalition de plus de 50 \u00c9tats, livrant argent et armes \u00e0 une Ukraine attaqu\u00e9e par la Russie n\u2019est pas l\u2019incarnation parfaite de cette politique de \u00abdeux poids, deux mesures\u00bb en vigueur en Occident depuis toujours quand il s\u2019agit du monde arabe et musulman. Autrement dit, dans le cas de l\u2019Ukraine, il s\u2019agit bel et bien d\u2019une agression et d\u2019une invasion de la part de la Russie. Dans le cas de la Palestine, c\u2019est Isra\u00ebl qui se d\u00e9fend. Mais contre qui&nbsp;? Contre des populations pauvres, livr\u00e9es \u00e0 elles-m\u00eames, sans moyens, sans aides, sans soutien\u2026 Non seulement nous sommes face \u00e0 une occupation, mais ce sont les forces d\u2019occupation que l\u2019Occident aide pour en finir avec les populations occup\u00e9es&nbsp;! Cette strat\u00e9gie du pire n\u2019est valable que lorsqu\u2019il s\u2019agit des Arabes et des Musulmans. C\u2019est le cas de la Syrie, de la Libye, du Y\u00e9men, de l\u2019Irak, des \u00c9tats effondr\u00e9s par les forces occidentales et leurs arm\u00e9es. C\u2019est \u00e9galement le cas de l\u2019Afghanistan, une nation qui n\u2019a jamais connu un jour de paix depuis des si\u00e8cles, envahie par les \u00c9tats-Unis d\u2019Am\u00e9rique tout comme l\u2019Irak et abandonn\u00e9e, apr\u00e8s vingt ans, en ruines et d\u00e9combres, sans pouvoir central, sans Administration, sans \u00c9tat.<\/p>\n\n\n\n<p>C\u2019est cela la strat\u00e9gie du pourrissement pens\u00e9e, con\u00e7ue et appliqu\u00e9e par les Occidentaux pour d\u00e9truire le monde arabe et musulman&nbsp;: fomenter des guerres civiles, en finir avec les r\u00e9gimes en place, financer les dissidences et fragiliser davantage toute le Moyen Orient, d\u00e9j\u00e0 d\u00e9vast\u00e9. \u00c0 terme, cela donnera \u00e0 Isra\u00ebl tous les moyens pour jouer le gendarme du monde arabe, tel un \u00e9pouvantail t\u00e9l\u00e9guid\u00e9 par Washington et l\u2019Union Europ\u00e9enne pour occuper tous les autres \u00c9tats arabes de la r\u00e9gion, avec l\u2019Iran en ligne de mire. La strat\u00e9gie est en place et le rouleau compresseur est en marche. Le reste, c&#8217;est de l\u2019histoire\u2026<\/p>\n","protected":false},"excerpt":{"rendered":"<p>Par ABDELHAK NAJIB \u00c9crivain et journaliste Les faits sont t\u00eatus. Quoi que l\u2019on fasse, ils s\u2019imposent. Et m\u00eame dissimul\u00e9, oblit\u00e9r\u00e9, cach\u00e9 derri\u00e8re un voile opaque de mensonges, un fait reste un fait. Pourtant, malgr\u00e9 l\u2019\u00e9vidence de la trag\u00e9die humaine qui se joue devant les yeux du monde en Palestine, sous occupation isra\u00e9lienne depuis 1948, avec &hellip;<\/p>\n","protected":false},"author":9,"featured_media":25839,"comment_status":"open","ping_status":"closed","sticky":false,"template":"","format":"standard","meta":{"footnotes":""},"categories":[188],"tags":[],"class_list":["post-25838","post","type-post","status-publish","format-standard","has-post-thumbnail","hentry","category-chronique"],"_links":{"self":[{"href":"https:\/\/letempsmag.ma\/index.php?rest_route=\/wp\/v2\/posts\/25838","targetHints":{"allow":["GET"]}}],"collection":[{"href":"https:\/\/letempsmag.ma\/index.php?rest_route=\/wp\/v2\/posts"}],"about":[{"href":"https:\/\/letempsmag.ma\/index.php?rest_route=\/wp\/v2\/types\/post"}],"author":[{"embeddable":true,"href":"https:\/\/letempsmag.ma\/index.php?rest_route=\/wp\/v2\/users\/9"}],"replies":[{"embeddable":true,"href":"https:\/\/letempsmag.ma\/index.php?rest_route=%2Fwp%2Fv2%2Fcomments&post=25838"}],"version-history":[{"count":1,"href":"https:\/\/letempsmag.ma\/index.php?rest_route=\/wp\/v2\/posts\/25838\/revisions"}],"predecessor-version":[{"id":25840,"href":"https:\/\/letempsmag.ma\/index.php?rest_route=\/wp\/v2\/posts\/25838\/revisions\/25840"}],"wp:featuredmedia":[{"embeddable":true,"href":"https:\/\/letempsmag.ma\/index.php?rest_route=\/wp\/v2\/media\/25839"}],"wp:attachment":[{"href":"https:\/\/letempsmag.ma\/index.php?rest_route=%2Fwp%2Fv2%2Fmedia&parent=25838"}],"wp:term":[{"taxonomy":"category","embeddable":true,"href":"https:\/\/letempsmag.ma\/index.php?rest_route=%2Fwp%2Fv2%2Fcategories&post=25838"},{"taxonomy":"post_tag","embeddable":true,"href":"https:\/\/letempsmag.ma\/index.php?rest_route=%2Fwp%2Fv2%2Ftags&post=25838"}],"curies":[{"name":"wp","href":"https:\/\/api.w.org\/{rel}","templated":true}]}}