{"id":25832,"date":"2023-11-06T12:57:26","date_gmt":"2023-11-06T11:57:26","guid":{"rendered":"https:\/\/letempsmag.ma\/?p=25832"},"modified":"2023-11-06T12:57:28","modified_gmt":"2023-11-06T11:57:28","slug":"elec-expo-ener-event-tronica-expo-se-tiennent-cette-semaine-a-casablanca","status":"publish","type":"post","link":"https:\/\/letempsmag.ma\/?p=25832","title":{"rendered":"Elec Expo, EneR Event &amp; Tronica Expo se tiennent cette semaine \u00e0 Casablanca"},"content":{"rendered":"\n<p>Du 8 au 11 novembre courant \u00e0 Casablanca, se tiendront les salons Elec Expo, EneR Event &amp; Tronica Expo, organis\u00e9s sous le haut patronage de S.M. le Roi Mohammed VI, par la F\u00e9d\u00e9ration Nationale de l\u2019Electricit\u00e9, l\u2019Electronique et les Energies Renouvelable (FENELEC), sous le th\u00e8me \u00abVers une transition \u00e9nerg\u00e9tique acc\u00e9l\u00e9r\u00e9e gr\u00e2ce aux smart grids et \u00e0 l&#8217;intelligence artificielle\u00bb.<\/p>\n\n\n\n<p>L\u2019inauguration de ce carrefour professionnel aura lieu le 8 novembre courant \u00e0 15h30 \u00e0 l\u2019Office des Foires et des Expositions de Casablanca, en pr\u00e9sence du Ministre de l\u2019Industrie et du Commerce, Ryad Mezzour, du Ministre de l\u2019Enseignement sup\u00e9rieur, de la Recherche scientifique et de l\u2019Innovation, Abdellatif Miraoui, de la Ministre de la Transition \u00e9nerg\u00e9tique et du D\u00e9veloppement durable, Leila Benali, de la Ministre de l\u2019\u00c9nergie et de l\u2019Eau du Mali, Bintou Camara, ainsi que d\u2019autres Ministres des pays africains participants.<\/p>\n\n\n\n<p>De nombreuses autres personnalit\u00e9s seront pr\u00e9sentes \u00e0 cette inauguration, notamment le Pr\u00e9sident de la FENEM (F\u00e9d\u00e9ration malienne des secteurs de l\u2019\u00e9lectricit\u00e9 et des \u00e9nergies renouvelables et nouvelles, Amadou Diad\u00e9 Sankar\u00e9, le Secr\u00e9taire G\u00e9n\u00e9ral de l\u2019International Electrotechnical Commission IEC, Philippe Metzger, le Pr\u00e9sident de la FENELEC, Ali El Harti, le Directeur G\u00e9n\u00e9ral de l\u2019Agence Marocaine de D\u00e9veloppement des Investissements et des Exportations AMDIE, Ali Seddiki.<\/p>\n\n\n\n<p>Plus de 160 entreprises participeront aux Salons Elec Expo, EneR Event &amp; Tronica Expo 2023, venant de plusieurs pays&nbsp;: \u00c9gypte, Italie, Espagne, Allemagne, Pays-Bas, Chine, Turquie, Slov\u00e9nie, Inde, Pologne, France, Portugal\u2026<\/p>\n\n\n\n<p>L\u2019\u00e9dition 2023 ouvrira plusieurs secteurs, \u00e0 savoir l&#8217;\u00e9lectricit\u00e9, l&#8217;\u00e9lectronique, les \u00e9nergies renouvelables, l&#8217;efficacit\u00e9 \u00e9nerg\u00e9tique, le b\u00e2timent, la construction, la domotique, l&#8217;\u00e9clairage et l&#8217;eau. En mettant l\u2019accent notamment sur la coop\u00e9ration maroco-africaine, Elec Expo, EneR Event &amp; Tronica Expo accueilleront la Conf\u00e9d\u00e9ration Africaine de l&#8217;\u00c9lectricit\u00e9 (CAFELEC) qui repr\u00e9sente 12 pays&nbsp;: Niger, S\u00e9n\u00e9gal, Togo, Gabon, C\u00f4te d&#8217;Ivoire, B\u00e9nin, Burkina Faso, Cameroun, Guin\u00e9e et Mauritanie, ainsi que le Maroc, pays organisateur, et le Mali, pays \u00e0 l\u2019honneur.<\/p>\n\n\n\n<p><strong>L. F.<\/strong><\/p>\n","protected":false},"excerpt":{"rendered":"<p>Du 8 au 11 novembre courant \u00e0 Casablanca, se tiendront les salons Elec Expo, EneR Event &amp; Tronica Expo, organis\u00e9s sous le haut patronage de S.M. le Roi Mohammed VI, par la F\u00e9d\u00e9ration Nationale de l\u2019Electricit\u00e9, l\u2019Electronique et les Energies Renouvelable (FENELEC), sous le th\u00e8me \u00abVers une transition \u00e9nerg\u00e9tique acc\u00e9l\u00e9r\u00e9e gr\u00e2ce aux smart grids et &hellip;<\/p>\n","protected":false},"author":9,"featured_media":25833,"comment_status":"open","ping_status":"closed","sticky":false,"template":"","format":"standard","meta":{"footnotes":""},"categories":[1067],"tags":[],"class_list":["post-25832","post","type-post","status-publish","format-standard","has-post-thumbnail","hentry","category-salons"],"_links":{"self":[{"href":"https:\/\/letempsmag.ma\/index.php?rest_route=\/wp\/v2\/posts\/25832","targetHints":{"allow":["GET"]}}],"collection":[{"href":"https:\/\/letempsmag.ma\/index.php?rest_route=\/wp\/v2\/posts"}],"about":[{"href":"https:\/\/letempsmag.ma\/index.php?rest_route=\/wp\/v2\/types\/post"}],"author":[{"embeddable":true,"href":"https:\/\/letempsmag.ma\/index.php?rest_route=\/wp\/v2\/users\/9"}],"replies":[{"embeddable":true,"href":"https:\/\/letempsmag.ma\/index.php?rest_route=%2Fwp%2Fv2%2Fcomments&post=25832"}],"version-history":[{"count":1,"href":"https:\/\/letempsmag.ma\/index.php?rest_route=\/wp\/v2\/posts\/25832\/revisions"}],"predecessor-version":[{"id":25834,"href":"https:\/\/letempsmag.ma\/index.php?rest_route=\/wp\/v2\/posts\/25832\/revisions\/25834"}],"wp:featuredmedia":[{"embeddable":true,"href":"https:\/\/letempsmag.ma\/index.php?rest_route=\/wp\/v2\/media\/25833"}],"wp:attachment":[{"href":"https:\/\/letempsmag.ma\/index.php?rest_route=%2Fwp%2Fv2%2Fmedia&parent=25832"}],"wp:term":[{"taxonomy":"category","embeddable":true,"href":"https:\/\/letempsmag.ma\/index.php?rest_route=%2Fwp%2Fv2%2Fcategories&post=25832"},{"taxonomy":"post_tag","embeddable":true,"href":"https:\/\/letempsmag.ma\/index.php?rest_route=%2Fwp%2Fv2%2Ftags&post=25832"}],"curies":[{"name":"wp","href":"https:\/\/api.w.org\/{rel}","templated":true}]}}