{"id":2569,"date":"2021-04-29T10:13:30","date_gmt":"2021-04-29T10:13:30","guid":{"rendered":"https:\/\/letempsmag.ma\/?p=2569"},"modified":"2021-04-29T10:13:31","modified_gmt":"2021-04-29T10:13:31","slug":"le-taux-dengagement-des-fonds-au-maroc-depasse-75","status":"publish","type":"post","link":"https:\/\/letempsmag.ma\/?p=2569","title":{"rendered":"Le taux d\u2019engagement des fonds au Maroc d\u00e9passe 75%"},"content":{"rendered":"\n<p>Le taux d\u2019engagement des fonds dans le cadre du programme \u00abCompact II\u00bb s\u2019\u00e9l\u00e8ve actuellement \u00e0 75,1%, soit l\u2019\u00e9quivalent de pr\u00e8s de 338 millions de dollars. C\u2019est ce qu\u2019a affirm\u00e9 la Directrice G\u00e9n\u00e9rale de l\u2019Agence MCA Morocco, Malika L\u00e2asri (photo), mardi dernier \u00e0 Rabat lors de la 11<sup>\u00e8me<\/sup> session du Conseil d\u2019Orientation Strat\u00e9gique de l\u2019Agence. Lors de cette session, tenue sous la pr\u00e9sidence du Ministre de l\u2019\u00c9conomie, des Finances et de la R\u00e9forme de l\u2019Administration, Mohamed Bencha\u00e2boun, Malika L\u00e2asri a pr\u00e9sent\u00e9 un expos\u00e9 d\u00e9taill\u00e9 de l\u2019\u00e9tat d\u2019avancement de la mise en \u0153uvre, depuis la derni\u00e8re session du Conseil, du \u00abCompact II\u00bb qui est un programme conclu entre le gouvernement marocain et son homologue am\u00e9ricain, repr\u00e9sent\u00e9 par l\u2019organisation Millennium Challenge Corporation (MCC), indique-t-on aupr\u00e8s de l\u2019Agence MCA Morocco.<\/p>\n\n\n\n<p>Le Pr\u00e9sident du Conseil d\u2019Orientation Strat\u00e9gique de l\u2019Agence s\u2019est f\u00e9licit\u00e9, pour sa part, des progr\u00e8s notables r\u00e9alis\u00e9s au titre de la mise en \u0153uvre des diff\u00e9rentes activit\u00e9s relevant du \u00abCompact II\u00bb, rappelant l\u2019avancement soutenu que conna\u00eet la r\u00e9alisation des travaux d\u2019infrastructures pr\u00e9vus au titre de plusieurs activit\u00e9s du programme&nbsp;: r\u00e9habilitation de 15 \u00e9tablissements de l\u2019enseignement secondaire dans la r\u00e9gion Tanger-T\u00e9touan-Al Hoceima, construction ou r\u00e9habilitation de 13 \u00e9tablissements de formation professionnelle b\u00e9n\u00e9ficiaires du soutien du Fonds Charaka, travaux d\u2019am\u00e9nagement de trois projets soutenus par le Fonds des Zones Industrielles Durables (FONZID) et travaux hors-sites dans trois zones industrielles pilotes dans la r\u00e9gion Casablanca-Settat. Le haut responsable a \u00e9galement pass\u00e9 en revue les principales r\u00e9alisations accomplies dans le cadre des diff\u00e9rentes activit\u00e9s du \u00abCompact II\u00bb.<\/p>\n\n\n\n<p>De son c\u00f4t\u00e9, le Directeur R\u00e9sident de MCC au Maroc, Richard Gaynor, a qualifi\u00e9 le bilan des r\u00e9alisations durant les derniers mois d\u2019honorable, saluant \u00e0 cet \u00e9gard l\u2019engagement et le soutien de l\u2019ensemble des partenaires et la mobilisation du staff de l\u2019Agence MCA Morocco. Il a aussi appel\u00e9 \u00e0 la tenue r\u00e9guli\u00e8re de r\u00e9unions des comit\u00e9s de pilotage des diff\u00e9rentes activit\u00e9s du \u00abCompact II\u00bb en vue d\u2019acc\u00e9l\u00e9rer leur mise en \u0153uvre et favoriser une plus forte appropriation desdites activit\u00e9s par les partenaires.<\/p>\n\n\n\n<p><strong>A. A.<\/strong><\/p>\n","protected":false},"excerpt":{"rendered":"<p>Le taux d\u2019engagement des fonds dans le cadre du programme \u00abCompact II\u00bb s\u2019\u00e9l\u00e8ve actuellement \u00e0 75,1%, soit l\u2019\u00e9quivalent de pr\u00e8s de 338 millions de dollars. C\u2019est ce qu\u2019a affirm\u00e9 la Directrice G\u00e9n\u00e9rale de l\u2019Agence MCA Morocco, Malika L\u00e2asri (photo), mardi dernier \u00e0 Rabat lors de la 11\u00e8me session du Conseil d\u2019Orientation Strat\u00e9gique de l\u2019Agence. Lors &hellip;<\/p>\n","protected":false},"author":9,"featured_media":2570,"comment_status":"open","ping_status":"closed","sticky":false,"template":"","format":"standard","meta":{"footnotes":""},"categories":[182],"tags":[],"class_list":["post-2569","post","type-post","status-publish","format-standard","has-post-thumbnail","hentry","category-compact-ii"],"_links":{"self":[{"href":"https:\/\/letempsmag.ma\/index.php?rest_route=\/wp\/v2\/posts\/2569","targetHints":{"allow":["GET"]}}],"collection":[{"href":"https:\/\/letempsmag.ma\/index.php?rest_route=\/wp\/v2\/posts"}],"about":[{"href":"https:\/\/letempsmag.ma\/index.php?rest_route=\/wp\/v2\/types\/post"}],"author":[{"embeddable":true,"href":"https:\/\/letempsmag.ma\/index.php?rest_route=\/wp\/v2\/users\/9"}],"replies":[{"embeddable":true,"href":"https:\/\/letempsmag.ma\/index.php?rest_route=%2Fwp%2Fv2%2Fcomments&post=2569"}],"version-history":[{"count":1,"href":"https:\/\/letempsmag.ma\/index.php?rest_route=\/wp\/v2\/posts\/2569\/revisions"}],"predecessor-version":[{"id":2571,"href":"https:\/\/letempsmag.ma\/index.php?rest_route=\/wp\/v2\/posts\/2569\/revisions\/2571"}],"wp:featuredmedia":[{"embeddable":true,"href":"https:\/\/letempsmag.ma\/index.php?rest_route=\/wp\/v2\/media\/2570"}],"wp:attachment":[{"href":"https:\/\/letempsmag.ma\/index.php?rest_route=%2Fwp%2Fv2%2Fmedia&parent=2569"}],"wp:term":[{"taxonomy":"category","embeddable":true,"href":"https:\/\/letempsmag.ma\/index.php?rest_route=%2Fwp%2Fv2%2Fcategories&post=2569"},{"taxonomy":"post_tag","embeddable":true,"href":"https:\/\/letempsmag.ma\/index.php?rest_route=%2Fwp%2Fv2%2Ftags&post=2569"}],"curies":[{"name":"wp","href":"https:\/\/api.w.org\/{rel}","templated":true}]}}