{"id":2560,"date":"2021-04-29T10:08:45","date_gmt":"2021-04-29T10:08:45","guid":{"rendered":"https:\/\/letempsmag.ma\/?p=2560"},"modified":"2021-04-29T10:08:46","modified_gmt":"2021-04-29T10:08:46","slug":"le-patron-du-groupe-akdital-prone-une-remise-a-niveau-des-operateurs-prives-de-sante","status":"publish","type":"post","link":"https:\/\/letempsmag.ma\/?p=2560","title":{"rendered":"Le patron du groupe Akdital pr\u00f4ne une remise \u00e0 niveau des op\u00e9rateurs priv\u00e9s de sant\u00e9"},"content":{"rendered":"\n<p>Le chantier de la g\u00e9n\u00e9ralisation de la protection sociale exige une \u00abremise \u00e0 niveau\u00bb des acteurs de sant\u00e9 priv\u00e9s. C\u2019est ce qu\u2019a d\u00e9clar\u00e9 le Dr Rochdi Talib, Pr\u00e9sident-Directeur G\u00e9n\u00e9ral du groupe Akdital, l\u2019un des plus grands r\u00e9seaux priv\u00e9s de sant\u00e9 au Maroc. Dans une interview accord\u00e9e hier \u00e0 la MAP, il a soulign\u00e9&nbsp;: \u00abfini le mod\u00e8le \u00e9conomique de la petite clinique-villa&nbsp;! Il est primordial aujourd\u2019hui de constituer des groupes de sant\u00e9 structur\u00e9s, de v\u00e9ritables champions nationaux avec des fondements \u00e9conomiques sains, en capacit\u00e9 de r\u00e9aliser des investissements lourds afin d\u2019offrir des plateaux techniques et des soins \u00e0 la hauteur des attentes des citoyens\u00bb.<\/p>\n\n\n\n<p>Saluant cette r\u00e9volution socio-\u00e9conomique men\u00e9e par S.M. le Roi Mohammed VI, le Dr Rochdi Talib a indiqu\u00e9 que \u00abnous avons besoin de relever ensemble des d\u00e9fis qui concernent en particulier le faible taux d\u2019encadrement m\u00e9dical, l\u2019important d\u00e9ficit en ressources humaines et leur r\u00e9partition g\u00e9ographique in\u00e9gale, entre autres. Nous sommes convaincus que le secteur priv\u00e9 peut faire partie de la solution. Il y a des options possibles et nous sommes pr\u00eats \u00e0 en discuter avec les autorit\u00e9s comp\u00e9tentes\u00bb.<\/p>\n\n\n\n<p>Le patron du groupe Akdital a expliqu\u00e9 que le secteur priv\u00e9 est pr\u00eat \u00e0 investir dans les endroits les plus recul\u00e9s du Maroc s\u2019il est accompagn\u00e9 dans ses projets d\u2019installation et de recrutement, \u00e0 l\u2019image de ce qui se fait aujourd\u2019hui pour les fameux MMM (M\u00e9tiers Mondiaux du Maroc). Il a par ailleurs estim\u00e9 qu\u2019il faut aussi \u00abrevoir la dualit\u00e9 secteur public-secteur priv\u00e9 pour en faire une compl\u00e9mentarit\u00e9 et travailler en bonne intelligence afin de r\u00e9pondre ensemble aux besoins et attentes des Marocains\u00bb. Selon lui, cela peut commencer, par exemple, par la mise en place d\u2019une cartographie sanitaire nationale dans laquelle les autorit\u00e9s comp\u00e9tentes orienteront les investissements priv\u00e9s en fonction des besoins des populations. Le Dr Rochdi Talib a conclu en affirmant que \u00abnous pr\u00f4nons une approche inclusive dans laquelle l\u2019ensemble des acteurs du secteur de la sant\u00e9 au Maroc peuvent \u00e9changer et innover pour r\u00e9ussir ensemble le d\u00e9ploiement de ce chantier Royal\u00bb.<\/p>\n\n\n\n<p><strong>A. A.<\/strong><\/p>\n","protected":false},"excerpt":{"rendered":"<p>Le chantier de la g\u00e9n\u00e9ralisation de la protection sociale exige une \u00abremise \u00e0 niveau\u00bb des acteurs de sant\u00e9 priv\u00e9s. C\u2019est ce qu\u2019a d\u00e9clar\u00e9 le Dr Rochdi Talib, Pr\u00e9sident-Directeur G\u00e9n\u00e9ral du groupe Akdital, l\u2019un des plus grands r\u00e9seaux priv\u00e9s de sant\u00e9 au Maroc. Dans une interview accord\u00e9e hier \u00e0 la MAP, il a soulign\u00e9&nbsp;: \u00abfini le &hellip;<\/p>\n","protected":false},"author":9,"featured_media":2561,"comment_status":"open","ping_status":"closed","sticky":false,"template":"","format":"standard","meta":{"footnotes":""},"categories":[141],"tags":[],"class_list":["post-2560","post","type-post","status-publish","format-standard","has-post-thumbnail","hentry","category-protection-sociale"],"_links":{"self":[{"href":"https:\/\/letempsmag.ma\/index.php?rest_route=\/wp\/v2\/posts\/2560","targetHints":{"allow":["GET"]}}],"collection":[{"href":"https:\/\/letempsmag.ma\/index.php?rest_route=\/wp\/v2\/posts"}],"about":[{"href":"https:\/\/letempsmag.ma\/index.php?rest_route=\/wp\/v2\/types\/post"}],"author":[{"embeddable":true,"href":"https:\/\/letempsmag.ma\/index.php?rest_route=\/wp\/v2\/users\/9"}],"replies":[{"embeddable":true,"href":"https:\/\/letempsmag.ma\/index.php?rest_route=%2Fwp%2Fv2%2Fcomments&post=2560"}],"version-history":[{"count":1,"href":"https:\/\/letempsmag.ma\/index.php?rest_route=\/wp\/v2\/posts\/2560\/revisions"}],"predecessor-version":[{"id":2562,"href":"https:\/\/letempsmag.ma\/index.php?rest_route=\/wp\/v2\/posts\/2560\/revisions\/2562"}],"wp:featuredmedia":[{"embeddable":true,"href":"https:\/\/letempsmag.ma\/index.php?rest_route=\/wp\/v2\/media\/2561"}],"wp:attachment":[{"href":"https:\/\/letempsmag.ma\/index.php?rest_route=%2Fwp%2Fv2%2Fmedia&parent=2560"}],"wp:term":[{"taxonomy":"category","embeddable":true,"href":"https:\/\/letempsmag.ma\/index.php?rest_route=%2Fwp%2Fv2%2Fcategories&post=2560"},{"taxonomy":"post_tag","embeddable":true,"href":"https:\/\/letempsmag.ma\/index.php?rest_route=%2Fwp%2Fv2%2Ftags&post=2560"}],"curies":[{"name":"wp","href":"https:\/\/api.w.org\/{rel}","templated":true}]}}