{"id":25552,"date":"2023-10-21T11:45:29","date_gmt":"2023-10-21T10:45:29","guid":{"rendered":"https:\/\/letempsmag.ma\/?p=25552"},"modified":"2023-10-21T11:45:30","modified_gmt":"2023-10-21T10:45:30","slug":"une-plateforme-digitale-pour-la-gestion-du-programme-daide-directe-au-logement","status":"publish","type":"post","link":"https:\/\/letempsmag.ma\/?p=25552","title":{"rendered":"Une plateforme digitale pour la gestion du programme d&#8217;aide directe au logement"},"content":{"rendered":"\n<p>La ministre de l&#8217;Am\u00e9nagement du territoire national, de l&#8217;Urbanisme, de l&#8217;Habitat et de la Politique de la ville, Fatima-Zahra El Mansouri, a annonc\u00e9, vendredi \u00e0 Rabat, le lancement d&#8217;une plateforme digitale pour la gestion du programme d&#8217;aide directe au logement, dont l&#8217;entr\u00e9e en vigueur est pr\u00e9vue pour le 1er janvier 2024.<\/p>\n\n\n\n<p>La plateforme d\u00e9di\u00e9e \u00e0 la gestion de ce nouveau programme, qui s&#8217;\u00e9tend sur une p\u00e9riode de cinq ans entre 2024 et 2028, vise \u00e0 simplifier les proc\u00e9dures, \u00e0 all\u00e9ger les d\u00e9marches et les d\u00e9placement des citoyens aupr\u00e8s des administrations et \u00e0 les accompagner depuis la phase du d\u00e9p\u00f4t de la demande jusqu&#8217;\u00e0 l&#8217;acquisition, a expliqu\u00e9 Fatima-Zahra El Mansouri lors d&#8217;une conf\u00e9rence de presse de pr\u00e9sentation de ce programme, notant que cette plateforme est reli\u00e9e \u00e0 l&#8217;ensemble des administrations ayant un lien avec le secteur de l&#8217;habitat.<\/p>\n\n\n\n<p>La ministre a relev\u00e9 que la plateforme, qui sera mise en place en vertu d&#8217;une convention avec la Caisse de D\u00e9p\u00f4t et de Gestion (CDG), veille \u00e0 instaurer la transparence et la hi\u00e9rarchisation des demandes sur la base de l&#8217;inscription et du d\u00e9p\u00f4t sur la plateforme, faisant savoir que des consultations sont en cours avec des \u00e9tablissements auxquels les citoyens pourraient recourir en vue de les accompagner dans le remplissage de la demande sur la plateforme et le suivi de l&#8217;op\u00e9ration.<\/p>\n\n\n\n<p>De son c\u00f4t\u00e9, le Secr\u00e9taire G\u00e9n\u00e9ral du D\u00e9partement de l&#8217;Habitat et de la Politique de la ville, Youssef Hassani, a relev\u00e9 que tout citoyen d\u00e9sirant b\u00e9n\u00e9ficier de l&#8217;aide est tenu d&#8217;acc\u00e9der \u00e0 la plateforme digitale, soit directement ou par le biais des \u00e9tablissements qui seront \u00e0 sa disposition \u00e0 titre gracieux. Il aura \u00e0 renseigner son nom complet, ainsi que le num\u00e9ro de sa Carte Nationale d&#8217;Identit\u00e9 Electronique et devrait pouvoir recevoir une r\u00e9ponse, sous sept jours, sur la possibilit\u00e9 de b\u00e9n\u00e9ficier de cette prestation.<\/p>\n\n\n\n<p>Apr\u00e8s \u00e0 l&#8217;obtention du permis d&#8217;habiter et du compromis de vente r\u00e9dig\u00e9 par un notaire, le b\u00e9n\u00e9ficiaire est appel\u00e9 \u00e0 d\u00e9poser ce document sur la plateforme, sous sept jours, pour b\u00e9n\u00e9ficier du montant de l&#8217;aide dans un d\u00e9lai maximum de 15 jours, a-t-il poursuivi. \u00c0 cet effet, le Pr\u00e9sident du Directoire du groupe Al Omrane, Houssni El Ghazaoui, a affirm\u00e9 que son groupe est impliqu\u00e9 dans ce programme d&#8217;aide avec pour objectif la fourniture d&#8217;un logement d\u00e9cent et abordable dans l&#8217;ensemble du territoire national. Plus de 70 agences affili\u00e9es au groupe Al Omrane sont mobilis\u00e9es pour accompagner ce programme d&#8217;aide, \u00e0 travers l&#8217;investissement dans l&#8217;am\u00e9nagement de logements pour les citoyens souhaitent en b\u00e9n\u00e9ficier, ainsi que la fourniture de terrains pour les petits et moyens promoteurs immobiliers et les auto-entrepreneurs d\u00e9sirant construire et vendre des b\u00e2timents \u00e0 usage d&#8217;habitation.<\/p>\n\n\n\n<p><strong>Y. E. H.<\/strong><\/p>\n","protected":false},"excerpt":{"rendered":"<p>La ministre de l&#8217;Am\u00e9nagement du territoire national, de l&#8217;Urbanisme, de l&#8217;Habitat et de la Politique de la ville, Fatima-Zahra El Mansouri, a annonc\u00e9, vendredi \u00e0 Rabat, le lancement d&#8217;une plateforme digitale pour la gestion du programme d&#8217;aide directe au logement, dont l&#8217;entr\u00e9e en vigueur est pr\u00e9vue pour le 1er janvier 2024. La plateforme d\u00e9di\u00e9e \u00e0 &hellip;<\/p>\n","protected":false},"author":9,"featured_media":25553,"comment_status":"open","ping_status":"closed","sticky":false,"template":"","format":"standard","meta":{"footnotes":""},"categories":[370],"tags":[],"class_list":["post-25552","post","type-post","status-publish","format-standard","has-post-thumbnail","hentry","category-habitat"],"_links":{"self":[{"href":"https:\/\/letempsmag.ma\/index.php?rest_route=\/wp\/v2\/posts\/25552","targetHints":{"allow":["GET"]}}],"collection":[{"href":"https:\/\/letempsmag.ma\/index.php?rest_route=\/wp\/v2\/posts"}],"about":[{"href":"https:\/\/letempsmag.ma\/index.php?rest_route=\/wp\/v2\/types\/post"}],"author":[{"embeddable":true,"href":"https:\/\/letempsmag.ma\/index.php?rest_route=\/wp\/v2\/users\/9"}],"replies":[{"embeddable":true,"href":"https:\/\/letempsmag.ma\/index.php?rest_route=%2Fwp%2Fv2%2Fcomments&post=25552"}],"version-history":[{"count":1,"href":"https:\/\/letempsmag.ma\/index.php?rest_route=\/wp\/v2\/posts\/25552\/revisions"}],"predecessor-version":[{"id":25554,"href":"https:\/\/letempsmag.ma\/index.php?rest_route=\/wp\/v2\/posts\/25552\/revisions\/25554"}],"wp:featuredmedia":[{"embeddable":true,"href":"https:\/\/letempsmag.ma\/index.php?rest_route=\/wp\/v2\/media\/25553"}],"wp:attachment":[{"href":"https:\/\/letempsmag.ma\/index.php?rest_route=%2Fwp%2Fv2%2Fmedia&parent=25552"}],"wp:term":[{"taxonomy":"category","embeddable":true,"href":"https:\/\/letempsmag.ma\/index.php?rest_route=%2Fwp%2Fv2%2Fcategories&post=25552"},{"taxonomy":"post_tag","embeddable":true,"href":"https:\/\/letempsmag.ma\/index.php?rest_route=%2Fwp%2Fv2%2Ftags&post=25552"}],"curies":[{"name":"wp","href":"https:\/\/api.w.org\/{rel}","templated":true}]}}