{"id":25549,"date":"2023-10-21T11:43:44","date_gmt":"2023-10-21T10:43:44","guid":{"rendered":"https:\/\/letempsmag.ma\/?p=25549"},"modified":"2023-10-21T11:43:45","modified_gmt":"2023-10-21T10:43:45","slug":"lonmt-et-le-specialiste-fram-misent-sur-ouarzazate-essaouira-et-taghazout","status":"publish","type":"post","link":"https:\/\/letempsmag.ma\/?p=25549","title":{"rendered":"L&#8217;ONMT et le sp\u00e9cialiste FRAM misent sur Ouarzazate, Essaouira et Taghazout"},"content":{"rendered":"\n<p>L&#8217;Office National Marocain du Tourisme (ONMT) renforce son partenariat strat\u00e9gique avec le tour op\u00e9rateur FRAM-Karavel, sp\u00e9cialiste du march\u00e9 fran\u00e7ais et l&#8217;un des leaders mondiaux de l&#8217;industrie du voyage. Le groupe a choisi Marrakech pour abriter, du 17 au 20 octobre, sa convention commerciale \u00abKaravel Champion League\u00bb. L&#8217;\u00e9lite de la force commerciale du voyagiste fran\u00e7ais \u00e9tait r\u00e9unie autour du PDG du groupe, Alain de De Mendon\u00e7a, pour explorer notamment les opportunit\u00e9s touristiques de la destination Maroc.<\/p>\n\n\n\n<p>Grande nouveaut\u00e9, la destination Ouarzazate sera dans le catalogue des destinations de FRAM-Karavel en 2023. Une bonne nouvelle pour cette destination qui s\u00e9duit de plus en plus les touristes fran\u00e7ais en qu\u00eate d&#8217;authenticit\u00e9 et de culture. Ouarzazate a ainsi \u00e9t\u00e9 ajout\u00e9e sur la programmation du groupe aupr\u00e8s des 3 marques FRAM, Karavel et Plein Vents, avec des offres d&#8217;h\u00e9bergement et de d\u00e9parts en circuits.<\/p>\n\n\n\n<p>Essaouira, quant \u00e0 elle, verra l&#8217;ouverture d&#8217;un club Framissima Immersion. Une ouverture rendue possible suite un voyage organis\u00e9 par l&#8217;ONMT, en avril dernier, en faveur de 120 agents FRAM.<\/p>\n\n\n\n<p>Enfin, pour Taghazout, FRAM pr\u00e9voit l&#8217;ouverture d&#8217;un Framissima Premium avec le grand d\u00e9veloppement de l&#8217;offre de circuits vers le sud du Royaume.&nbsp;<\/p>\n\n\n\n<p>Le Maroc est un march\u00e9 important et strat\u00e9gique pour le groupe FRAM-Karavel. Avec plus de 70.000 clients sur la destination Maroc, le groupe a r\u00e9alis\u00e9 une progression significative de 66,2% durant la saison d&#8217;\u00e9t\u00e9 2023. Concernant ses pr\u00e9visions pour l&#8217;ann\u00e9e 2024, le groupe pr\u00e9voit une progression de plus de 32%. Une \u00e9volution notable soutenue par l&#8217;ONMT qui continue sa strat\u00e9gie offensive \u00abLight In Action\u00bb sur les march\u00e9s \u00e9metteurs aupr\u00e8s des prescripteurs de voyage, des tours op\u00e9rateurs et des compagnies a\u00e9riennes afin de faire rayonner la marque touristique Maroc dans le monde entier.<\/p>\n","protected":false},"excerpt":{"rendered":"<p>L&#8217;Office National Marocain du Tourisme (ONMT) renforce son partenariat strat\u00e9gique avec le tour op\u00e9rateur FRAM-Karavel, sp\u00e9cialiste du march\u00e9 fran\u00e7ais et l&#8217;un des leaders mondiaux de l&#8217;industrie du voyage. Le groupe a choisi Marrakech pour abriter, du 17 au 20 octobre, sa convention commerciale \u00abKaravel Champion League\u00bb. L&#8217;\u00e9lite de la force commerciale du voyagiste fran\u00e7ais \u00e9tait &hellip;<\/p>\n","protected":false},"author":9,"featured_media":25550,"comment_status":"open","ping_status":"closed","sticky":false,"template":"","format":"standard","meta":{"footnotes":""},"categories":[27],"tags":[],"class_list":["post-25549","post","type-post","status-publish","format-standard","has-post-thumbnail","hentry","category-tourisme"],"_links":{"self":[{"href":"https:\/\/letempsmag.ma\/index.php?rest_route=\/wp\/v2\/posts\/25549","targetHints":{"allow":["GET"]}}],"collection":[{"href":"https:\/\/letempsmag.ma\/index.php?rest_route=\/wp\/v2\/posts"}],"about":[{"href":"https:\/\/letempsmag.ma\/index.php?rest_route=\/wp\/v2\/types\/post"}],"author":[{"embeddable":true,"href":"https:\/\/letempsmag.ma\/index.php?rest_route=\/wp\/v2\/users\/9"}],"replies":[{"embeddable":true,"href":"https:\/\/letempsmag.ma\/index.php?rest_route=%2Fwp%2Fv2%2Fcomments&post=25549"}],"version-history":[{"count":1,"href":"https:\/\/letempsmag.ma\/index.php?rest_route=\/wp\/v2\/posts\/25549\/revisions"}],"predecessor-version":[{"id":25551,"href":"https:\/\/letempsmag.ma\/index.php?rest_route=\/wp\/v2\/posts\/25549\/revisions\/25551"}],"wp:featuredmedia":[{"embeddable":true,"href":"https:\/\/letempsmag.ma\/index.php?rest_route=\/wp\/v2\/media\/25550"}],"wp:attachment":[{"href":"https:\/\/letempsmag.ma\/index.php?rest_route=%2Fwp%2Fv2%2Fmedia&parent=25549"}],"wp:term":[{"taxonomy":"category","embeddable":true,"href":"https:\/\/letempsmag.ma\/index.php?rest_route=%2Fwp%2Fv2%2Fcategories&post=25549"},{"taxonomy":"post_tag","embeddable":true,"href":"https:\/\/letempsmag.ma\/index.php?rest_route=%2Fwp%2Fv2%2Ftags&post=25549"}],"curies":[{"name":"wp","href":"https:\/\/api.w.org\/{rel}","templated":true}]}}