{"id":25537,"date":"2023-10-21T11:29:23","date_gmt":"2023-10-21T10:29:23","guid":{"rendered":"https:\/\/letempsmag.ma\/?p=25537"},"modified":"2023-10-21T11:29:24","modified_gmt":"2023-10-21T10:29:24","slug":"tahar-benjelloun-ne-lui-en-voulez-pas-il-ne-sait-pas-ce-quil-dit","status":"publish","type":"post","link":"https:\/\/letempsmag.ma\/?p=25537","title":{"rendered":"Tahar Benjelloun\u00a0: ne lui en voulez pas, il ne sait pas ce qu&#8217;il dit\u00a0!"},"content":{"rendered":"\n<p>Par ABDELHAK NAJIB<\/p>\n\n\n\n<p>\u00c9crivain et journaliste<\/p>\n\n\n\n<p>Il est clair que quand on n&#8217;a pas grand-chose \u00e0 dire, il faut au moins avoir l&#8217;intelligence de revendiquer son droit au silence. Ce que Tahar Benjelloun n&#8217;a pas su faire, se confondant en lieux communs, commettant un \u00e9crit pour le moins sans teneur, publi\u00e9 sur un magazine fran\u00e7ais o\u00f9 l&#8217;auteur recycle les m\u00eames propos que l&#8217;on entend \u00e0 longueur de journ\u00e9e sur les cha\u00eenes d&#8217;information continue en France.<\/p>\n\n\n\n<p>Voici la premi\u00e8re phrase de sa tribune sur les colonnes du magazine \u00abLe Point\u00bb (13 octobre 2023)&nbsp;: \u00abMoi, arabe et musulman de naissance, de culture et d&#8217;\u00e9ducation traditionnelle marocaine, ne trouve pas les mots pour dire combien je suis horrifi\u00e9 par ce que les militants du Hamas ont fait aux juifs\u00bb. Nous sommes face \u00e0 un texte somme toute insipide qui a valu \u00e0 Tahar Benjelloun une salve cors\u00e9e de critiques acerbes de la part d&#8217;un grand nombre d&#8217;observateurs au Maroc et ailleurs, qui jugent le point de vue de l&#8217;\u00e9crivain marocain r\u00e9sidant en France \u00abirresponsable\u00bb, \u00abcomplice\u00bb et \u00abindigne\u00bb face au g\u00e9nocide qui se joue devant les yeux du monde dans les territoires palestiniens occup\u00e9s par l&#8217;\u00c9tat d&#8217;Isra\u00ebl. L&#8217;auteur continue sur sa lanc\u00e9e&nbsp;: \u00abLa cause palestinienne est morte le 7 octobre 2023, assassin\u00e9e par des \u00e9l\u00e9ments fanatis\u00e9s, englu\u00e9s dans une id\u00e9ologie islamiste de la pire esp\u00e8ce. Le Hamas est l&#8217;ennemi pas seulement du peuple isra\u00e9lien, mais aussi du peuple palestinien. Un ennemi cruel et sans aucun sens politique, manipul\u00e9 par un pays o\u00f9 l&#8217;on pend de jeunes opposants pour une histoire de voile sur la t\u00eate\u00bb.<\/p>\n\n\n\n<p>C&#8217;est dans ce sens qu&#8217;il ne faut pas en vouloir \u00e0 Tahar Benjelloun, pour la simple raison qu&#8217;il ne peut pas dire autre chose que ce que la France dicte aux intervenants d&#8217;affirmer face \u00e0 la cam\u00e9ra. Et si tu veux jouer les justiciers, tu es banni des plateaux TV, des radios et des colonnes des m\u00e9dias fran\u00e7ais&nbsp;! Tu peux aussi \u00eatre poursuivi et \u00e9coper de cinq ann\u00e9es d&#8217;incarc\u00e9ration pour apologie du terrorisme, juste parce que tu as dit la v\u00e9rit\u00e9, en l&#8217;occurrence que l&#8217;arm\u00e9e isra\u00e9lienne est en train d&#8217;exterminer tout un peuple, en toute impunit\u00e9.<\/p>\n\n\n\n<p>Tahar Benjelloun ne peut pas dire une chose pareille parce qu&#8217;il risque gros. D&#8217;abord ses privil\u00e8ges, son petit confort parisien, ses \u00e9moluments pour les livres qu&#8217;il publie, ses piges dans les journaux et ses relations fran\u00e7aises qui ne peuvent tol\u00e9rer que l&#8217;auteur marocain bascule du c\u00f4t\u00e9 de la v\u00e9rit\u00e9 et de la justice en condamnant le crime contre l&#8217;humanit\u00e9 que l&#8217;\u00c9tat d&#8217;Isra\u00ebl perp\u00e8tre en Palestine.<\/p>\n\n\n\n<p>\u00abMoi, dans ma solitude, dans ma tristesse et ma honte en tant qu&#8217;\u00eatre humain, mon d\u00e9go\u00fbt de cette humanit\u00e9 \u00e0 laquelle je refuse d&#8217;appartenir, je dis, non, c&#8217;est un combat qui n&#8217;honore pas leur cause. Non, \u00e0 ces applaudissements dans certaines capitales arabes. Non, \u00e0 ce triomphe plein de sang des innocents. Non, \u00e0 l&#8217;aveuglement de ceux qui tirent les ficelles d&#8217;une trag\u00e9die o\u00f9, t\u00f4t ou tard, ce sera la population palestinienne qui paiera cette lourde facture\u00bb. L&#8217;auteur semble oublier que le peuple palestinien paie la lourde facture depuis 75 ans&nbsp;! Mais bon, l\u00e0, non plus, il ne faut pas lui en vouloir car, avec le temps qui passe, la m\u00e9moire finit toujours par s&#8217;\u00e9puiser\u2026<\/p>\n\n\n\n<p>Alors, vous croyez vraiment que Tahar Benjelloun peut monter au cr\u00e9neau et d\u00e9noncer les tueries \u00e0 Gaza et en Cisjordanie&nbsp;? Franchement, depuis quand cet auteur prend une position quelconque sur quoi que ce soit&nbsp;? \u00c0 plus forte raison, aujourd&#8217;hui, o\u00f9 il faut faire profil bas, se cacher, se taire, se terrer, se faire oublier pour ne pas s&#8217;attirer l&#8217;ire des autorit\u00e9s fran\u00e7aises qui s&#8217;affirment aujourd&#8217;hui, en toute clart\u00e9, comme une v\u00e9ritable dictature en marche, scalpant tous ceux qui osent la contredire et penser diff\u00e9remment de l&#8217;administration Emmanuel Macron.<\/p>\n\n\n\n<p>C&#8217;est pour cela qu&#8217;il ne faut pas en vouloir au pauvre Tahar Benjelloun, parce qu&#8217;il n&#8217;a pas pris la pleine mesure de ses propos, pensant que \u00e7a allait passer inaper\u00e7u, comme d&#8217;habitude. Sauf que l\u00e0, les yeux sont riv\u00e9s sur ce que les \u00abintellos\u00bb et autres \u00abanalystes\u00bb et \u00abchroniqueurs\u00bb disent. On scrute tout. On passe au crible chaque phrase et on demande des comptes \u00e0 tous ceux qui jouent encore les illusionnistes. Tahar Benjelloun aurait mieux fait de pr\u00e9texter un p\u00e9pin de sant\u00e9 et ne pas commettre son texte. Mais bon, une pige est une pige&nbsp;! Surtout quand il y a un ch\u00e8que \u00e0 la cl\u00e9\u2026 Ce qui aggrave les choses pour l&#8217;\u00e9crivain, d\u00e9j\u00e0 essouffl\u00e9 depuis de longues ann\u00e9es parce qu&#8217;il recycle les m\u00eames poncifs et ressasse les m\u00eames platitudes dans des romans o\u00f9 le folklore le dispute \u00e0 une volont\u00e9 assum\u00e9e de plaire aux touristes, dans une litt\u00e9rature de gare \u00e0 la fois insipide et \u00e9cul\u00e9e. Mais l\u00e0 non plus, il ne faut pas lui en vouloir, c&#8217;est tout ce qu&#8217;il sait faire depuis plus de quatre d\u00e9cennies.<\/p>\n\n\n\n<p>Aujourd&#8217;hui, Tahar Benjelloun est \u00abHorrifi\u00e9 par les attaques du Hamas contre Isra\u00ebl\u00bb. L&#8217;\u00e9crivain franco-marocain d\u00e9plore \u00abune blessure faite \u00e0 toute l&#8217;humanit\u00e9\u00bb\u00bb, comme on peut le lire sur les colonnes du magazine \u00abLe Point\u00bb. Tout ce qu&#8217;on lui souhaite est d&#8217;aller mieux apr\u00e8s le choc re\u00e7u par les attaques palestiniennes contre l&#8217;\u00c9tat h\u00e9breu. Car, on sait combien cela peut \u00eatre dur de souffrir pour les mauvaises causes et de d\u00e9tourner le regard pour ne pas voir les v\u00e9rit\u00e9s qui tuent\u2026<\/p>\n","protected":false},"excerpt":{"rendered":"<p>Par ABDELHAK NAJIB \u00c9crivain et journaliste Il est clair que quand on n&#8217;a pas grand-chose \u00e0 dire, il faut au moins avoir l&#8217;intelligence de revendiquer son droit au silence. Ce que Tahar Benjelloun n&#8217;a pas su faire, se confondant en lieux communs, commettant un \u00e9crit pour le moins sans teneur, publi\u00e9 sur un magazine fran\u00e7ais &hellip;<\/p>\n","protected":false},"author":9,"featured_media":25538,"comment_status":"open","ping_status":"closed","sticky":false,"template":"","format":"standard","meta":{"footnotes":""},"categories":[188],"tags":[],"class_list":["post-25537","post","type-post","status-publish","format-standard","has-post-thumbnail","hentry","category-chronique"],"_links":{"self":[{"href":"https:\/\/letempsmag.ma\/index.php?rest_route=\/wp\/v2\/posts\/25537","targetHints":{"allow":["GET"]}}],"collection":[{"href":"https:\/\/letempsmag.ma\/index.php?rest_route=\/wp\/v2\/posts"}],"about":[{"href":"https:\/\/letempsmag.ma\/index.php?rest_route=\/wp\/v2\/types\/post"}],"author":[{"embeddable":true,"href":"https:\/\/letempsmag.ma\/index.php?rest_route=\/wp\/v2\/users\/9"}],"replies":[{"embeddable":true,"href":"https:\/\/letempsmag.ma\/index.php?rest_route=%2Fwp%2Fv2%2Fcomments&post=25537"}],"version-history":[{"count":1,"href":"https:\/\/letempsmag.ma\/index.php?rest_route=\/wp\/v2\/posts\/25537\/revisions"}],"predecessor-version":[{"id":25539,"href":"https:\/\/letempsmag.ma\/index.php?rest_route=\/wp\/v2\/posts\/25537\/revisions\/25539"}],"wp:featuredmedia":[{"embeddable":true,"href":"https:\/\/letempsmag.ma\/index.php?rest_route=\/wp\/v2\/media\/25538"}],"wp:attachment":[{"href":"https:\/\/letempsmag.ma\/index.php?rest_route=%2Fwp%2Fv2%2Fmedia&parent=25537"}],"wp:term":[{"taxonomy":"category","embeddable":true,"href":"https:\/\/letempsmag.ma\/index.php?rest_route=%2Fwp%2Fv2%2Fcategories&post=25537"},{"taxonomy":"post_tag","embeddable":true,"href":"https:\/\/letempsmag.ma\/index.php?rest_route=%2Fwp%2Fv2%2Ftags&post=25537"}],"curies":[{"name":"wp","href":"https:\/\/api.w.org\/{rel}","templated":true}]}}