{"id":25535,"date":"2023-10-20T12:27:17","date_gmt":"2023-10-20T11:27:17","guid":{"rendered":"https:\/\/letempsmag.ma\/?p=25535"},"modified":"2023-10-20T12:27:18","modified_gmt":"2023-10-20T11:27:18","slug":"dieu-reconnaitra-les-siens-dit-on","status":"publish","type":"post","link":"https:\/\/letempsmag.ma\/?p=25535","title":{"rendered":"Dieu reconna\u00eetra les siens, dit-on"},"content":{"rendered":"\n<p class=\"has-text-align-center\"><strong>Par HASSAN EL ARCH<\/strong><\/p>\n\n\n\n<p class=\"has-text-align-center\"><strong>Directeur de la R\u00e9daction<\/strong><\/p>\n\n\n\n<p class=\"has-text-align-center\"><strong>direction@letempsmag.ma<\/strong><\/p>\n\n\n\n<p>Le conflit qui broie litt\u00e9ralement Gaza en ce moment est r\u00e9v\u00e9lateur de toutes les pourritures existentielles de l&#8217;Occident. Longtemps souterraines, elles remontent maintenant brutalement \u00e0 la surface de l\u2019actualit\u00e9. Un Occident agressif, conqu\u00e9rant, tout-puissant, invincible, despotique, supr\u00e9maciste, fondamentalement anti-arabe\u2026 Les penseurs, politiciens, sociologues et autres experts en g\u00e9ostrat\u00e9gie ont beau gloser autour de la question, tout est l\u00e0&nbsp;: pour l\u2019Occident, un bon Musulman est un Musulman mort, un bon Arabe est un Arabe r\u00e9duit au silence, un bon Palestinien est un Palestinien \u00abd\u00e9gomm\u00e9\u00bb sans \u00e9tat d\u2019\u00e2me. Nous avons d\u00e9nonc\u00e9 cette horrible id\u00e9e dans un Billet sur notre site en ligne, d\u00e8s le d\u00e9but du conflit \u00e0 Gaza. Cet Occident-l\u00e0 ne se contente plus d\u2019imposer son diktat \u00e9conomique, technologique, militaire et politique au reste de la plan\u00e8te. Il veut aussi commander nos sch\u00e9mas de pens\u00e9e, nous interdit nos convictions religieuses, insulte nos valeurs morales et d\u00e9nigre notre mode de vie.<\/p>\n\n\n\n<p>Pr\u00e8s de 1.400 Isra\u00e9liens ont \u00e9t\u00e9 victimes de l\u2019assaut du Hamas. Plus de 3.000 Palestiniens ont \u00e9t\u00e9 tu\u00e9s en repr\u00e9sailles. Isra\u00ebl riposte parce que le Hamas l\u2019a attaqu\u00e9e. Pourquoi le Hamas a attaqu\u00e9 Isra\u00ebl&nbsp;? Parce qu\u2019Isra\u00ebl d\u00e9porte les Palestiniens par centaines, annexe leurs terres, assassine leurs chefs et viole l\u2019int\u00e9grit\u00e9 de leurs mosqu\u00e9es. Le sch\u00e9ma est invariable sur cette terre-l\u00e0 comme sur beaucoup d\u2019autres contr\u00e9es \u00abmaudites\u00bb. Lorsque des gens trop longtemps opprim\u00e9s finissent par prendre les armes pour d\u00e9fendre leur famille et leur terre, ils deviennent des \u00abterroristes\u00bb et doivent \u00eatre liquid\u00e9s.<\/p>\n\n\n\n<p>Les voil\u00e0, la morale et la logique de l\u2019Occident. Au nom de cette posture abjecte, les Arabes et les Musulmans deviennent otages de leurs pens\u00e9es. En Europe, et en France en particulier, on ne s\u2019embarrasse plus de faux semblants. On traque les pens\u00e9es pro-palestiniennes, on sonde les vell\u00e9it\u00e9s anti-isra\u00e9liennes, on d\u00e9clare la guerre aux sentiments intimes des gens, quitte \u00e0 les menacer et \u00e0 les poursuivre parce qu\u2019ils exercent leur droit \u00e0 la libert\u00e9 d\u2019expression. Et c\u2019est une R\u00e9publique qui se pr\u00e9tend d\u00e9positaire de l\u2019esprit universel des Droits de l\u2019Homme\u2026<\/p>\n\n\n\n<p>Regardez G\u00e9rald Darmanin, le Ministre fran\u00e7ais de l\u2019Int\u00e9rieur. Il a la hargne d\u2019un roquet enrag\u00e9. Sa bave n&#8217;arr\u00eate plus de suinter contre l&#8217;Islam, les Arabes et les migrants aussi, d\u2019une mani\u00e8re g\u00e9n\u00e9rale. La Premi\u00e8re ministre, Elisabeth Borne, et la Ministre de l&#8217;Europe et des Affaires \u00e9trang\u00e8res, Catherine Colonna, n\u2019ont rien \u00e0 lui envier dans la profondeur de cette haine raciale putride&nbsp;! L&#8217;Europe occidentale presque tout enti\u00e8re est aujourd\u2019hui \u00e0 plat ventre devant Isra\u00ebl. La Pr\u00e9sidente de la Commission Europ\u00e9enne, Ursula Von Der Leyen, a franchi le Rubicon, la main dans la main avec la Pr\u00e9sidente du Parlement Europ\u00e9en, Roberta Metsola, en allant se prostrer devant Benyamin Netanyahu.<\/p>\n\n\n\n<p>La morale de l\u2019histoire&nbsp;? Dieu punit-il les Palestiniens et, \u00e0 travers eux, les Musulmans et les Arabes de mani\u00e8re g\u00e9n\u00e9rale&nbsp;? Allez savoir&nbsp;! Assur\u00e9ment, Dieu a ses raisons que la raison humaine ne saurait percer. Il laisse faire en Palestine\u2026 S\u2019il l\u2019avait voulu, il aurait r\u00e9pandu son souffle divin sur cette terre meurtrie par les guerres et les injustices. L\u2019adage moyen\u00e2geux dit que \u00abDieu reconna\u00eetra les siens\u00bb. En attendant, on peut toujours m\u00e9diter sur \u00abla faute\u00bb qu\u2019auraient commise les Musulmans au Proche Orient, pour essayer de comprendre ce qui leur arrive aujourd\u2019hui\u2026<\/p>\n","protected":false},"excerpt":{"rendered":"<p>Par HASSAN EL ARCH Directeur de la R\u00e9daction direction@letempsmag.ma Le conflit qui broie litt\u00e9ralement Gaza en ce moment est r\u00e9v\u00e9lateur de toutes les pourritures existentielles de l&#8217;Occident. Longtemps souterraines, elles remontent maintenant brutalement \u00e0 la surface de l\u2019actualit\u00e9. Un Occident agressif, conqu\u00e9rant, tout-puissant, invincible, despotique, supr\u00e9maciste, fondamentalement anti-arabe\u2026 Les penseurs, politiciens, sociologues et autres experts &hellip;<\/p>\n","protected":false},"author":9,"featured_media":1323,"comment_status":"open","ping_status":"closed","sticky":false,"template":"","format":"standard","meta":{"footnotes":""},"categories":[44],"tags":[],"class_list":["post-25535","post","type-post","status-publish","format-standard","has-post-thumbnail","hentry","category-edito"],"_links":{"self":[{"href":"https:\/\/letempsmag.ma\/index.php?rest_route=\/wp\/v2\/posts\/25535","targetHints":{"allow":["GET"]}}],"collection":[{"href":"https:\/\/letempsmag.ma\/index.php?rest_route=\/wp\/v2\/posts"}],"about":[{"href":"https:\/\/letempsmag.ma\/index.php?rest_route=\/wp\/v2\/types\/post"}],"author":[{"embeddable":true,"href":"https:\/\/letempsmag.ma\/index.php?rest_route=\/wp\/v2\/users\/9"}],"replies":[{"embeddable":true,"href":"https:\/\/letempsmag.ma\/index.php?rest_route=%2Fwp%2Fv2%2Fcomments&post=25535"}],"version-history":[{"count":1,"href":"https:\/\/letempsmag.ma\/index.php?rest_route=\/wp\/v2\/posts\/25535\/revisions"}],"predecessor-version":[{"id":25536,"href":"https:\/\/letempsmag.ma\/index.php?rest_route=\/wp\/v2\/posts\/25535\/revisions\/25536"}],"wp:featuredmedia":[{"embeddable":true,"href":"https:\/\/letempsmag.ma\/index.php?rest_route=\/wp\/v2\/media\/1323"}],"wp:attachment":[{"href":"https:\/\/letempsmag.ma\/index.php?rest_route=%2Fwp%2Fv2%2Fmedia&parent=25535"}],"wp:term":[{"taxonomy":"category","embeddable":true,"href":"https:\/\/letempsmag.ma\/index.php?rest_route=%2Fwp%2Fv2%2Fcategories&post=25535"},{"taxonomy":"post_tag","embeddable":true,"href":"https:\/\/letempsmag.ma\/index.php?rest_route=%2Fwp%2Fv2%2Ftags&post=25535"}],"curies":[{"name":"wp","href":"https:\/\/api.w.org\/{rel}","templated":true}]}}