{"id":25501,"date":"2023-10-17T08:36:47","date_gmt":"2023-10-17T07:36:47","guid":{"rendered":"https:\/\/letempsmag.ma\/?p=25501"},"modified":"2023-10-17T08:36:48","modified_gmt":"2023-10-17T07:36:48","slug":"5-milliards-de-dh-pour-la-reconstruction-des-etablissements-scolaires-les-plus-affectes","status":"publish","type":"post","link":"https:\/\/letempsmag.ma\/?p=25501","title":{"rendered":"5 milliards de DH pour la reconstruction des \u00e9tablissements scolaires les plus affect\u00e9s"},"content":{"rendered":"\n<p>Le Ministre de l&#8217;Education nationale, du Pr\u00e9scolaire et des Sports, Chakib Benmoussa, a indiqu\u00e9 hier que son D\u00e9partement confiera \u00e0 l&#8217;Agence de D\u00e9veloppement du Haut Atlas l&#8217;ex\u00e9cution du programme de reconstruction et de r\u00e9habilitation des \u00e9tablissements scolaires les plus affect\u00e9s, pour un co\u00fbt global d&#8217;environ 4 milliards de DH.<\/p>\n\n\n\n<p>En r\u00e9ponse \u00e0 une question orale \u00e0 la Chambre des Repr\u00e9sentants portant sur le plan d&#8217;urgence pour la r\u00e9habilitation du secteur de l&#8217;enseignement dans les zones affect\u00e9es par le s\u00e9isme, le Ministre a relev\u00e9 que ledit programme sera r\u00e9alis\u00e9 dans le respect des sp\u00e9cificit\u00e9s patrimoniales et architecturales des zones touch\u00e9es, et conform\u00e9ment aux normes parasismiques actualis\u00e9es, faisant savoir que le minist\u00e8re s&#8217;attelle actuellement sur le lancement, avec les bureaux comp\u00e9tents, des \u00e9tudes techniques en vue de relever le d\u00e9fi de reconstruction et de r\u00e9habilitation des \u00e9tablissements touch\u00e9s afin qu&#8217;ils soient op\u00e9rationnels lors de la prochaine rentr\u00e9e scolaire.<\/p>\n\n\n\n<p>Parall\u00e8lement, la r\u00e9alisation d&#8217;un programme de d\u00e9veloppement int\u00e9gr\u00e9 des zones affect\u00e9es permettra la mise \u00e0 niveau de l&#8217;offre \u00e9ducative et sportive dans ces r\u00e9gions, pour une enveloppe budg\u00e9taire de 5 milliards de DH, a-t-il poursuivi, soulignant que le minist\u00e8re vise, \u00e0 travers ce chantier de d\u00e9veloppement, \u00e0 gagner le pari de l&#8217;am\u00e9lioration des indicateurs du syst\u00e8me \u00e9ducatif dans les zones affect\u00e9es.<\/p>\n\n\n\n<p>Pour ce faire, a-t-il not\u00e9, le programme accorde une attention particuli\u00e8re \u00e0 la cr\u00e9ation des \u00e9coles de proximit\u00e9, avec la mise \u00e0 disposition et l&#8217;optimisation des services du transport scolaire. Il se propose \u00e9galement d&#8217;augmenter le nombre des \u00e9tablissements scolaires communaux offrant des services d&#8217;internat, du transport scolaire, et du logement pour les enseignants.<\/p>\n\n\n\n<p>\u00c9tal\u00e9 sur 5 ans, ce programme tiendra compte des programmes de d\u00e9veloppement int\u00e9gr\u00e9 des centres \u00e9mergents et des groupements d&#8217;habitations qui verront le jour dans le cadre de la r\u00e9habilitation des zones affect\u00e9es par le s\u00e9isme.<\/p>\n","protected":false},"excerpt":{"rendered":"<p>Le Ministre de l&#8217;Education nationale, du Pr\u00e9scolaire et des Sports, Chakib Benmoussa, a indiqu\u00e9 hier que son D\u00e9partement confiera \u00e0 l&#8217;Agence de D\u00e9veloppement du Haut Atlas l&#8217;ex\u00e9cution du programme de reconstruction et de r\u00e9habilitation des \u00e9tablissements scolaires les plus affect\u00e9s, pour un co\u00fbt global d&#8217;environ 4 milliards de DH. En r\u00e9ponse \u00e0 une question orale &hellip;<\/p>\n","protected":false},"author":9,"featured_media":25502,"comment_status":"open","ping_status":"closed","sticky":false,"template":"","format":"standard","meta":{"footnotes":""},"categories":[1176],"tags":[],"class_list":["post-25501","post","type-post","status-publish","format-standard","has-post-thumbnail","hentry","category-post-seisme-2"],"_links":{"self":[{"href":"https:\/\/letempsmag.ma\/index.php?rest_route=\/wp\/v2\/posts\/25501","targetHints":{"allow":["GET"]}}],"collection":[{"href":"https:\/\/letempsmag.ma\/index.php?rest_route=\/wp\/v2\/posts"}],"about":[{"href":"https:\/\/letempsmag.ma\/index.php?rest_route=\/wp\/v2\/types\/post"}],"author":[{"embeddable":true,"href":"https:\/\/letempsmag.ma\/index.php?rest_route=\/wp\/v2\/users\/9"}],"replies":[{"embeddable":true,"href":"https:\/\/letempsmag.ma\/index.php?rest_route=%2Fwp%2Fv2%2Fcomments&post=25501"}],"version-history":[{"count":1,"href":"https:\/\/letempsmag.ma\/index.php?rest_route=\/wp\/v2\/posts\/25501\/revisions"}],"predecessor-version":[{"id":25503,"href":"https:\/\/letempsmag.ma\/index.php?rest_route=\/wp\/v2\/posts\/25501\/revisions\/25503"}],"wp:featuredmedia":[{"embeddable":true,"href":"https:\/\/letempsmag.ma\/index.php?rest_route=\/wp\/v2\/media\/25502"}],"wp:attachment":[{"href":"https:\/\/letempsmag.ma\/index.php?rest_route=%2Fwp%2Fv2%2Fmedia&parent=25501"}],"wp:term":[{"taxonomy":"category","embeddable":true,"href":"https:\/\/letempsmag.ma\/index.php?rest_route=%2Fwp%2Fv2%2Fcategories&post=25501"},{"taxonomy":"post_tag","embeddable":true,"href":"https:\/\/letempsmag.ma\/index.php?rest_route=%2Fwp%2Fv2%2Ftags&post=25501"}],"curies":[{"name":"wp","href":"https:\/\/api.w.org\/{rel}","templated":true}]}}