{"id":25175,"date":"2023-10-03T12:28:44","date_gmt":"2023-10-03T11:28:44","guid":{"rendered":"https:\/\/letempsmag.ma\/?p=25175"},"modified":"2023-10-03T12:28:45","modified_gmt":"2023-10-03T11:28:45","slug":"de-nombreux-internautes-marocains-appellent-a-imposer-un-visa-aux-citoyens-francais","status":"publish","type":"post","link":"https:\/\/letempsmag.ma\/?p=25175","title":{"rendered":"De nombreux internautes marocains appellent \u00e0 imposer un visa aux citoyens fran\u00e7ais"},"content":{"rendered":"\n<p>Pendant les derniers jours, de tr\u00e8s nombreux internautes au Maroc ont anim\u00e9 sur les r\u00e9seaux sociaux deux campagnes int\u00e9gr\u00e9es au hashtag \u00ab#ImposeVisaOnFrance\u00bb. Les partisans de cette campagne militent pour exiger un visa d&#8217;entr\u00e9e pour les citoyens fran\u00e7ais souhaitant venir au Maroc. Une autre campagne, lanc\u00e9e l&#8217;ann\u00e9e derni\u00e8re, a refait surface, exhortant le gouvernement marocain \u00e0 mettre fin \u00e0 l&#8217;utilisation de la langue fran\u00e7aise dans le syst\u00e8me \u00e9ducatif du pays et dans les Administrations.<\/p>\n\n\n\n<p>Les militants invoquent diverses raisons justifiant l&#8217;exigence d&#8217;un visa d&#8217;entr\u00e9e, notamment des probl\u00e8mes de s\u00e9curit\u00e9 ; le d\u00e9sir de rendre la pareille aux restrictions de visa impos\u00e9es par la France aux Marocains, les d\u00e9penses relativement modestes des touristes fran\u00e7ais au Maroc par rapport aux autres nationalit\u00e9s et la couverture per\u00e7ue comme tr\u00e8s n\u00e9gative, concernant le traitement par les m\u00e9dias fran\u00e7ais de la crise sismique suite au drame qui a frapp\u00e9 El Haouz.<\/p>\n\n\n\n<p>Les partisans de l\u2019arr\u00eat de l\u2019usage de la langue fran\u00e7aise dans les \u00e9coles et les Administrations soutiennent que le Maroc devrait donner la priorit\u00e9 \u00e0 l\u2019anglais plut\u00f4t qu\u2019au fran\u00e7ais et revenir sur sa d\u00e9cision d\u2019enseigner les sciences en langue fran\u00e7aise aux \u00e9l\u00e8ves vivant dans les zones rurales.<\/p>\n\n\n\n<p>Ahmed Badda, un internaute tr\u00e8s actif sur la plateforme \u00abX\u00bb (anciennement \u00abTwitter\u00bb) a \u00e9crit&nbsp;: \u00abForce est de constater que la col\u00e8re contre la politique fran\u00e7aise a atteint son paroxysme au Maroc, tant officiellement que parmi le public. Cette position est coh\u00e9rente avec le m\u00e9contentement g\u00e9n\u00e9ralis\u00e9 en Afrique \u00e0 l&#8217;\u00e9gard de la France et de sa politique, ainsi qu&#8217;avec des appels forts \u00e0 une lib\u00e9ration compl\u00e8te de son influence coloniale. Maintenant, nous avons besoin de voir des mesures pratiques\u00bb.<\/p>\n\n\n\n<p><strong>C. A.<\/strong><\/p>\n","protected":false},"excerpt":{"rendered":"<p>Pendant les derniers jours, de tr\u00e8s nombreux internautes au Maroc ont anim\u00e9 sur les r\u00e9seaux sociaux deux campagnes int\u00e9gr\u00e9es au hashtag \u00ab#ImposeVisaOnFrance\u00bb. Les partisans de cette campagne militent pour exiger un visa d&#8217;entr\u00e9e pour les citoyens fran\u00e7ais souhaitant venir au Maroc. Une autre campagne, lanc\u00e9e l&#8217;ann\u00e9e derni\u00e8re, a refait surface, exhortant le gouvernement marocain \u00e0 &hellip;<\/p>\n","protected":false},"author":9,"featured_media":25176,"comment_status":"open","ping_status":"closed","sticky":false,"template":"","format":"standard","meta":{"footnotes":""},"categories":[436],"tags":[],"class_list":["post-25175","post","type-post","status-publish","format-standard","has-post-thumbnail","hentry","category-reseaux-sociaux"],"_links":{"self":[{"href":"https:\/\/letempsmag.ma\/index.php?rest_route=\/wp\/v2\/posts\/25175","targetHints":{"allow":["GET"]}}],"collection":[{"href":"https:\/\/letempsmag.ma\/index.php?rest_route=\/wp\/v2\/posts"}],"about":[{"href":"https:\/\/letempsmag.ma\/index.php?rest_route=\/wp\/v2\/types\/post"}],"author":[{"embeddable":true,"href":"https:\/\/letempsmag.ma\/index.php?rest_route=\/wp\/v2\/users\/9"}],"replies":[{"embeddable":true,"href":"https:\/\/letempsmag.ma\/index.php?rest_route=%2Fwp%2Fv2%2Fcomments&post=25175"}],"version-history":[{"count":1,"href":"https:\/\/letempsmag.ma\/index.php?rest_route=\/wp\/v2\/posts\/25175\/revisions"}],"predecessor-version":[{"id":25177,"href":"https:\/\/letempsmag.ma\/index.php?rest_route=\/wp\/v2\/posts\/25175\/revisions\/25177"}],"wp:featuredmedia":[{"embeddable":true,"href":"https:\/\/letempsmag.ma\/index.php?rest_route=\/wp\/v2\/media\/25176"}],"wp:attachment":[{"href":"https:\/\/letempsmag.ma\/index.php?rest_route=%2Fwp%2Fv2%2Fmedia&parent=25175"}],"wp:term":[{"taxonomy":"category","embeddable":true,"href":"https:\/\/letempsmag.ma\/index.php?rest_route=%2Fwp%2Fv2%2Fcategories&post=25175"},{"taxonomy":"post_tag","embeddable":true,"href":"https:\/\/letempsmag.ma\/index.php?rest_route=%2Fwp%2Fv2%2Ftags&post=25175"}],"curies":[{"name":"wp","href":"https:\/\/api.w.org\/{rel}","templated":true}]}}