{"id":25172,"date":"2023-10-03T12:27:58","date_gmt":"2023-10-03T11:27:58","guid":{"rendered":"https:\/\/letempsmag.ma\/?p=25172"},"modified":"2023-10-03T12:27:59","modified_gmt":"2023-10-03T11:27:59","slug":"le-ministre-de-leducation-nationale-visite-a-ouarzazate-des-etablissements-sinistres","status":"publish","type":"post","link":"https:\/\/letempsmag.ma\/?p=25172","title":{"rendered":"Le Ministre de l\u2019\u00c9ducation nationale visite \u00e0 Ouarzazate des \u00e9tablissements sinistr\u00e9s"},"content":{"rendered":"\n<p>Le Ministre de l\u2019\u00c9ducation nationale, du Pr\u00e9scolaire et des Sports, Chakib Benmoussa, a effectu\u00e9, samedi dernier, une visite de terrain au niveau de plusieurs communes relevant de la province de Ouarzazate pour se rendre aux \u00e9tablissements scolaires impact\u00e9s par le s\u00e9isme du 8 septembre. La visite s\u2019inscrit dans le cadre du suivi de l\u2019ensemble des mesures prises pour garantir la continuit\u00e9 des cours pour les \u00e9l\u00e8ves jusqu\u2019\u00e0 l\u2019ach\u00e8vement de l\u2019op\u00e9ration de construction et de r\u00e9novation des \u00e9tablissements scolaires ayant subi des d\u00e9g\u00e2ts mat\u00e9riels suite \u00e0 cette catastrophe naturelle.<\/p>\n\n\n\n<p>Le ministre s\u2019est rendu au lyc\u00e9e coll\u00e9gial Al Mokhtar Assoussi, situ\u00e9 dans la commune de Tidli, et \u00e0 l\u2019\u00e9cole communautaire d\u2019Ighrem Nougdal, avant de visiter le groupe scolaire Abdellah Ben Yassine, dans la commune de Telouate, le lyc\u00e9e Imam Ali et l\u2019\u00e9cole pionni\u00e8re Agouim, dans la commune d\u2019Ighrem Nougdal.<\/p>\n\n\n\n<p>Cette tourn\u00e9e a \u00e9t\u00e9 l\u2019occasion de s\u2019arr\u00eater de visu sur l\u2019\u00e9tat de ces \u00e9tablissements scolaires et de prendre connaissance des diff\u00e9rentes conditions inh\u00e9rentes au d\u00e9roulement des \u00e9tudes au sein de ces \u00e9tablissements. Par la m\u00eame occasion, le ministre a tenu une s\u00e9rie de rencontres avec les staffs \u00e9ducatif et administratif de ces \u00e9tablissements ainsi qu\u2019avec les associations des parents et tuteurs d\u2019\u00e9l\u00e8ves afin de s\u2019enqu\u00e9rir des conditions dans lesquelles se d\u00e9roulent les cours dans les \u00e9coles impact\u00e9es.<\/p>\n\n\n\n<p>Dans une d\u00e9claration \u00e0 la presse, Chakib Benmoussa a soulign\u00e9 que la mobilisation se poursuit afin de garantir aux \u00e9l\u00e8ves la poursuite des cours dans des conditions appropri\u00e9es. \u00abLes \u00e9l\u00e8ves des \u00e9tablissements touch\u00e9s par le s\u00e9isme ont repris les cours dans des tentes\/classes ou des salles non-endommag\u00e9es\u00bb, a assur\u00e9 le haut responsable, ajoutant que les efforts se poursuivent en vue d\u2019aider les apprentis \u00e0 surmonter l\u2019impact du s\u00e9isme, notamment \u00e0 travers un soutien psychologique, un accompagnement sp\u00e9cifique ainsi que des activit\u00e9s parall\u00e8les.<\/p>\n\n\n\n<p><strong>C. A.<\/strong><strong><\/strong><\/p>\n","protected":false},"excerpt":{"rendered":"<p>Le Ministre de l\u2019\u00c9ducation nationale, du Pr\u00e9scolaire et des Sports, Chakib Benmoussa, a effectu\u00e9, samedi dernier, une visite de terrain au niveau de plusieurs communes relevant de la province de Ouarzazate pour se rendre aux \u00e9tablissements scolaires impact\u00e9s par le s\u00e9isme du 8 septembre. La visite s\u2019inscrit dans le cadre du suivi de l\u2019ensemble des &hellip;<\/p>\n","protected":false},"author":9,"featured_media":25173,"comment_status":"open","ping_status":"closed","sticky":false,"template":"","format":"standard","meta":{"footnotes":""},"categories":[1147],"tags":[],"class_list":["post-25172","post","type-post","status-publish","format-standard","has-post-thumbnail","hentry","category-post-seisme"],"_links":{"self":[{"href":"https:\/\/letempsmag.ma\/index.php?rest_route=\/wp\/v2\/posts\/25172","targetHints":{"allow":["GET"]}}],"collection":[{"href":"https:\/\/letempsmag.ma\/index.php?rest_route=\/wp\/v2\/posts"}],"about":[{"href":"https:\/\/letempsmag.ma\/index.php?rest_route=\/wp\/v2\/types\/post"}],"author":[{"embeddable":true,"href":"https:\/\/letempsmag.ma\/index.php?rest_route=\/wp\/v2\/users\/9"}],"replies":[{"embeddable":true,"href":"https:\/\/letempsmag.ma\/index.php?rest_route=%2Fwp%2Fv2%2Fcomments&post=25172"}],"version-history":[{"count":1,"href":"https:\/\/letempsmag.ma\/index.php?rest_route=\/wp\/v2\/posts\/25172\/revisions"}],"predecessor-version":[{"id":25174,"href":"https:\/\/letempsmag.ma\/index.php?rest_route=\/wp\/v2\/posts\/25172\/revisions\/25174"}],"wp:featuredmedia":[{"embeddable":true,"href":"https:\/\/letempsmag.ma\/index.php?rest_route=\/wp\/v2\/media\/25173"}],"wp:attachment":[{"href":"https:\/\/letempsmag.ma\/index.php?rest_route=%2Fwp%2Fv2%2Fmedia&parent=25172"}],"wp:term":[{"taxonomy":"category","embeddable":true,"href":"https:\/\/letempsmag.ma\/index.php?rest_route=%2Fwp%2Fv2%2Fcategories&post=25172"},{"taxonomy":"post_tag","embeddable":true,"href":"https:\/\/letempsmag.ma\/index.php?rest_route=%2Fwp%2Fv2%2Ftags&post=25172"}],"curies":[{"name":"wp","href":"https:\/\/api.w.org\/{rel}","templated":true}]}}