{"id":25025,"date":"2023-09-26T13:02:17","date_gmt":"2023-09-26T12:02:17","guid":{"rendered":"https:\/\/letempsmag.ma\/?p=25025"},"modified":"2023-09-26T13:02:18","modified_gmt":"2023-09-26T12:02:18","slug":"top-event-demarre-la-rentree-avec-tout-va-bien-se-passer","status":"publish","type":"post","link":"https:\/\/letempsmag.ma\/?p=25025","title":{"rendered":"Top Event d\u00e9marre la rentr\u00e9e avec \u00abTout va bien se passer\u00bb"},"content":{"rendered":"\n<p>\u00abTout va bien se passer\u00bb, tel est le titre du nouveau spectacle annonc\u00e9 par Top Event. La nouvelle pi\u00e8ce du com\u00e9dien et auteur belge Alil Vardar, sera pr\u00e9sent\u00e9e au Studio des Arts Vivants \u00e0 Casablanca les 4 et 5 octobre prochain \u00e0 20h30.<\/p>\n\n\n\n<p>Apr\u00e8s \u00abLe clan des divorc\u00e9s\u00bb, \u00ab10 ans de mariage\u00bb, \u00abAbracadabrunch\u00bb, \u00abDocteur Alil &amp; Mister Vardar\u00bb, Alil Vardar revient ainsi au Maroc avec sa nouvelle com\u00e9die \u00abTout va bien se passer\u00bb, une belle p\u00e9pite humoristique \u00e0 savourer sans mod\u00e9ration. Offrant des com\u00e9dies hilarantes et d\u00e9sormais un habitu\u00e9 du public marocain, Alil Vardar est l\u2019assurance d\u2019une soir\u00e9e r\u00e9ussie et pleine de fous rires&nbsp;! Sa nouvelle pi\u00e8ce raconte l\u2019histoire du couple Manon et Samy. Leur mariage est pr\u00e9vu dans 24 heures et ils d\u00e9cident de f\u00eater l\u2019enterrement de leur vie de c\u00e9libataires avec leurs amis. Ils ont lou\u00e9 deux belles suites dans un h\u00f4tel, l\u2019une exclusivement r\u00e9serv\u00e9e aux filles et l\u2019autre aux gar\u00e7ons. Tout semble aller pour le mieux jusqu\u2019\u00e0 ce qu\u2019une jolie inconnue frappe \u00e0 la porte des gar\u00e7ons et que Samy en tombe fou amoureux. Tomber fou amoureux, ce n\u2019est pas grave, mais la veille de son mariage avec une autre, c\u2019est plut\u00f4t compliqu\u00e9\u2026 Mais rassurez-vous, \u00abtout va bien se passer&nbsp;!\u00bb.<\/p>\n\n\n\n<p>La pi\u00e8ce est \u00e9crite par Alil Vardar et l\u2019acteur fran\u00e7ais Vincent Az\u00e9. Elle est interpr\u00e9t\u00e9e par Alil Vardar, entour\u00e9 des com\u00e9diens Benjamin Zeitoun et Ryad Baxx.<\/p>\n","protected":false},"excerpt":{"rendered":"<p>\u00abTout va bien se passer\u00bb, tel est le titre du nouveau spectacle annonc\u00e9 par Top Event. La nouvelle pi\u00e8ce du com\u00e9dien et auteur belge Alil Vardar, sera pr\u00e9sent\u00e9e au Studio des Arts Vivants \u00e0 Casablanca les 4 et 5 octobre prochain \u00e0 20h30. Apr\u00e8s \u00abLe clan des divorc\u00e9s\u00bb, \u00ab10 ans de mariage\u00bb, \u00abAbracadabrunch\u00bb, \u00abDocteur Alil &hellip;<\/p>\n","protected":false},"author":9,"featured_media":25026,"comment_status":"open","ping_status":"closed","sticky":false,"template":"","format":"standard","meta":{"footnotes":""},"categories":[934],"tags":[],"class_list":["post-25025","post","type-post","status-publish","format-standard","has-post-thumbnail","hentry","category-spectacle"],"_links":{"self":[{"href":"https:\/\/letempsmag.ma\/index.php?rest_route=\/wp\/v2\/posts\/25025","targetHints":{"allow":["GET"]}}],"collection":[{"href":"https:\/\/letempsmag.ma\/index.php?rest_route=\/wp\/v2\/posts"}],"about":[{"href":"https:\/\/letempsmag.ma\/index.php?rest_route=\/wp\/v2\/types\/post"}],"author":[{"embeddable":true,"href":"https:\/\/letempsmag.ma\/index.php?rest_route=\/wp\/v2\/users\/9"}],"replies":[{"embeddable":true,"href":"https:\/\/letempsmag.ma\/index.php?rest_route=%2Fwp%2Fv2%2Fcomments&post=25025"}],"version-history":[{"count":1,"href":"https:\/\/letempsmag.ma\/index.php?rest_route=\/wp\/v2\/posts\/25025\/revisions"}],"predecessor-version":[{"id":25027,"href":"https:\/\/letempsmag.ma\/index.php?rest_route=\/wp\/v2\/posts\/25025\/revisions\/25027"}],"wp:featuredmedia":[{"embeddable":true,"href":"https:\/\/letempsmag.ma\/index.php?rest_route=\/wp\/v2\/media\/25026"}],"wp:attachment":[{"href":"https:\/\/letempsmag.ma\/index.php?rest_route=%2Fwp%2Fv2%2Fmedia&parent=25025"}],"wp:term":[{"taxonomy":"category","embeddable":true,"href":"https:\/\/letempsmag.ma\/index.php?rest_route=%2Fwp%2Fv2%2Fcategories&post=25025"},{"taxonomy":"post_tag","embeddable":true,"href":"https:\/\/letempsmag.ma\/index.php?rest_route=%2Fwp%2Fv2%2Ftags&post=25025"}],"curies":[{"name":"wp","href":"https:\/\/api.w.org\/{rel}","templated":true}]}}