{"id":25019,"date":"2023-09-26T13:01:01","date_gmt":"2023-09-26T12:01:01","guid":{"rendered":"https:\/\/letempsmag.ma\/?p=25019"},"modified":"2023-09-26T13:01:02","modified_gmt":"2023-09-26T12:01:02","slug":"istanbul-se-prepare-a-accueillir-un-gigantesque-forum-daffaires-turco-africain","status":"publish","type":"post","link":"https:\/\/letempsmag.ma\/?p=25019","title":{"rendered":"Istanbul se pr\u00e9pare \u00e0 accueillir un gigantesque Forum d\u2019affaires turco-africain"},"content":{"rendered":"\n<p>Le 4<sup>\u00e8me<\/sup> Forum d\u2019Affaires et \u00c9conomique T\u00fcrkiye-Afrique aura lieu \u00e0 Istanbul les 12 et 13 octobre prochain. En effet, le Conseil des relations \u00e9conomiques ext\u00e9rieures de T\u00fcrkiye (DE\u0130K) organisera ce 4<sup>\u00e8me<\/sup> \u00e9v\u00e9nement \u00e0 Istanbul, qui sera honor\u00e9 par le Pr\u00e9sident de la R\u00e9publique, Recep Tayyip Erdogan, <a>et le Pr\u00e9sident de l&#8217;Union des Comores et Pr\u00e9sident en exercice de l&#8217;Union Africaine, Azali Assoumani.<\/a><\/p>\n\n\n\n<p>Engag\u00e9 \u00e0 d\u00e9velopper le commerce et les investissements intercontinentaux de T\u00fcrkiye \u00e0 travers ses initiatives de diplomatie commerciale avec 152 Conseils d&#8217;affaires r\u00e9partis \u00e0 travers le monde, le DE\u0130K se tourne d\u00e9sormais vers l&#8217;Afrique. Sous la houlette du minist\u00e8re du Commerce et en coordination avec l&#8217;Union Africaine, l\u2019\u00e9v\u00e9nement aura lieu au Centre de Congr\u00e8s d&#8217;Istanbul.<\/p>\n\n\n\n<p>Le Forum d\u2019Affaires et \u00c9conomique T\u00fcrkiye-Afrique accueillera entre autres Pr Omer Bolatle, Ministre turc du Commerce; Albert Muchanga, Commissaire pour le D\u00e9veloppement \u00c9conomique, le Commerce, le Tourisme, l&#8217;Industrie et les Min\u00e9raux au sein de la Commission de l&#8217;Union Africaine; Nail Olpak, Pr\u00e9sident du DE\u0130K; Fuat Tosyal\u0131, Pr\u00e9sident-coordonnateur des Conseils d&#8217;affaires T\u00fcrkiye-Afrique du DE\u0130K; Dr Amany Asfour, Pr\u00e9sidente du Conseil d&#8217;affaires africain; et Emine Erdogan, la Premi\u00e8re Dame de T\u00fcrkiye, ainsi que les Ministres de l&#8217;\u00c9conomie, du Commerce et des Finances des pays africains.<\/p>\n\n\n\n<p>Le th\u00e8me central de ce grand forum est&nbsp;: \u00abRelever les d\u00e9fis, lib\u00e9rer des opportunit\u00e9s&nbsp;: construire des partenariats \u00e9conomiques plus solides entre la T\u00fcrkiye et l\u2019Afrique\u00bb. L\u2019\u00e9v\u00e9nement ciblera en priorit\u00e9 le secteur de l\u2019\u00e9nergie, les infrastructures, l\u2019agriculture, d\u2019agro-industrie, la sant\u00e9, le tourisme et le marketing num\u00e9rique.<\/p>\n\n\n\n<p><strong><em>Des panels de tr\u00e8s haute qualit\u00e9<\/em><\/strong><\/p>\n\n\n\n<p>Lors de la premi\u00e8re journ\u00e9e du Forum, plusieurs panels sont pr\u00e9vus, notamment \u00abCollaboration dans l\u2019industrie manufacturi\u00e8re et l\u2019industrie agricole&nbsp;: durabilit\u00e9 des cha\u00eenes d\u2019approvisionnement\u00bb, \u00abLa transformation num\u00e9rique en Afrique&nbsp;: am\u00e9liorer l&#8217;\u00e9cosyst\u00e8me africain de technologie num\u00e9rique\u00bb, \u00abL\u2019\u00e9valuation de la technologie m\u00e9dicale\u00bb, \u00abLe secteur de la sant\u00e9 durable et les nouvelles opportunit\u00e9s innovantes\u00bb\u2026 Simultan\u00e9ment, des sessions de r\u00e9unions G2B se tiendront sous les th\u00e8mes suivants&nbsp;: \u00abOpportunit\u00e9s d&#8217;investissement dans les infrastructures&nbsp;: r\u00e9seaux d\u2019\u00e9nergie, de t\u00e9l\u00e9communication et de transport\u00bb,\u00abGouvernance &amp; s\u00e9curit\u00e9 alimentaire&nbsp;: \u00e9tablissement d\u2019un syst\u00e8me durable d\u2019alimentation\u00bb et \u00abLa promotion du tourisme et la technologies du marketing num\u00e9rique\u00bb.<\/p>\n\n\n\n<p>Pendant la deuxi\u00e8me journ\u00e9e du Forum, d\u2019autres panels sont programm\u00e9s&nbsp;: \u00abDialogue T\u00fcrkiye-Afrique sur le leadership des femmes\u00bb, \u00ab<a>La T\u00fcrkiye et les opportunit\u00e9s sous la Zone de Libre-\u00c9change Continentale Africaine (ZLECA)<\/a>\u00bb et \u00ab<a>Le financement des investissements et du commerce en Afrique et les relations bancaires avec la T\u00fcrkiye<\/a>\u00bb.<\/p>\n\n\n\n<p>Lors de ce deuxi\u00e8me jour du Forum, , des femmes d&#8217;affaires turques et africaines partageront leurs exp\u00e9riences dans la refonte du paysage du monde des affaires lors du \u00abDialogue T\u00fcrkiye-Afrique sur le leadership des femmes\u00bb. Elles participeront \u00e0 des discussions concernant les domaines potentiels de collaboration et les strat\u00e9gies visant \u00e0 promouvoir une participation accrue des femmes \u00e0 des postes de direction.<\/p>\n\n\n\n<p>L&#8217;Afrique, qui est la plus grande zone de libre-\u00e9change mondiale, devrait cr\u00e9er un march\u00e9 de libre-\u00e9change avec une population de 1,3 milliard d&#8217;habitants et une valeur de 3,4 billions de dollars. La ZLECA devrait augmenter le commerce intra-africain de 52,3% d\u2019ici \u00e0 2025 et augmenter les revenus de l\u2019Afrique jusqu\u2019\u00e0 450 milliards de dollars d\u2019ici \u00e0 2035.Avec la ZLECA, on s\u2019attend \u00e0 ce que le commerce intra-africain augmente de 50% et que celui-ci fournisse au monde un revenu suppl\u00e9mentaire de 76 milliards de dollars. Le th\u00e8me de la ZLECA sera abord\u00e9 dans le panel \u00abLa T\u00fcrkiye et les opportunit\u00e9s sous la Zone de Libre-\u00c9change Continentale Africaine (ZLECA)\u00bb. Le panel verra la participation de Wamkele Mene, Secr\u00e9taire G\u00e9n\u00e9ral de la ZLECA. L&#8217;impact de l&#8217;accord de la ZLECA sur le commerce entre la T\u00fcrkiye et l&#8217;Afrique sera \u00e9valu\u00e9 lors de ce panel.<\/p>\n\n\n\n<p>Du point de vue du financement du commerce et des investissements, les entreprises doivent encore relever des d\u00e9fis majeurs pour faire des affaires avec le continent africain. Les entreprises turques, en revanche, ont connu un succ\u00e8s croissant sur le continent africain ces derni\u00e8res ann\u00e9es. Des suggestions de solutions importantes pour am\u00e9liorer l&#8217;acc\u00e8s au financement du commerce et des investissements seront discut\u00e9es lors du panel \u00abLe financement des investissements et du commerce en Afrique et les relations bancaires avec la T\u00fcrkiye\u00bb. Au cours de ce panel, les opportunit\u00e9s d&#8217;affaires et d&#8217;investissement seront discut\u00e9es par les institutions financi\u00e8res et les d\u00e9cideurs de projets et d&#8217;investissements qui ont une place importante dans le d\u00e9veloppement de l&#8217;Afrique.<\/p>\n\n\n\n<p><strong><em>Plus de 3.000 participants turcs et africains<\/em><\/strong><\/p>\n\n\n\n<p>Ce 4<sup>\u00e8me<\/sup> Forum d\u2019Affaires et \u00c9conomique T\u00fcrkiye-Afrique accueillera plus de 3.000 participants, y compris des repr\u00e9sentants de la Banque Africaine de D\u00e9veloppement (BAD), de la Banque Africaine d&#8217;Import-Export (Afrieximbank), de la Banque Turque de Cr\u00e9dit \u00e0 l&#8217;Exportation (T\u00fcrk Eximbank), d&#8217;institutions financi\u00e8res internationales et r\u00e9gionales, d&#8217;organisations non gouvernementales, de Chambres de commerce et d&#8217;industrie, ainsi que les Pr\u00e9sidents des Conseils d&#8217;affaires T\u00fcrkiye-Afrique du DE\u0130K et leurs homologues, les associations concern\u00e9es, les organisations professionnelles et les entrepreneurs de T\u00fcrkiye et d&#8217;Afrique, les repr\u00e9sentants des missions diplomatiques en T\u00fcrkiye, ainsi que les organismes de m\u00e9dias qui participent de T\u00fcrkiye et de tous les pays africains.<\/p>\n\n\n\n<p>Le volume total des \u00e9changes commerciaux de la T\u00fcrkiye avec le continent africain \u00e9tait de 1,35 milliard de dollars en 2003 et a atteint 40,7 milliards de dollars en 2022. L\u2019objectif du volume total des \u00e9changes commerciaux sur le continent africain d\u2019ici \u00e0 la fin de 2023 est de 50 milliards de dollars, avec pour objectif ult\u00e9rieur d\u2019atteindre 75 milliards de dollars. La T\u00fcrkiye renforce activement ses relations \u00e9conomiques avec les pays africains selon le principe gagnant-gagnant en tant que partenaire strat\u00e9gique crucial pour l&#8217;int\u00e9gration, le d\u00e9veloppement \u00e9conomique et la croissance industrielle de l&#8217;Afrique. L\u2019\u00e9volution des exportations turques vers l\u2019Afrique s\u2019aligne sur les tendances mondiales. Les exportations de la T\u00fcrkiye vers l\u2019Afrique ont repris de l\u2019ampleur, atteignant 21,2 milliards de dollars en 2021 et 23,6 milliards de dollars en 2022. Les importations de la T\u00fcrkiye en provenance d\u2019Afrique ont atteint 9,5 milliards de dollars en 2022.<\/p>\n","protected":false},"excerpt":{"rendered":"<p>Le 4\u00e8me Forum d\u2019Affaires et \u00c9conomique T\u00fcrkiye-Afrique aura lieu \u00e0 Istanbul les 12 et 13 octobre prochain. En effet, le Conseil des relations \u00e9conomiques ext\u00e9rieures de T\u00fcrkiye (DE\u0130K) organisera ce 4\u00e8me \u00e9v\u00e9nement \u00e0 Istanbul, qui sera honor\u00e9 par le Pr\u00e9sident de la R\u00e9publique, Recep Tayyip Erdogan, et le Pr\u00e9sident de l&#8217;Union des Comores et Pr\u00e9sident &hellip;<\/p>\n","protected":false},"author":9,"featured_media":25020,"comment_status":"open","ping_status":"closed","sticky":false,"template":"","format":"standard","meta":{"footnotes":""},"categories":[203],"tags":[],"class_list":["post-25019","post","type-post","status-publish","format-standard","has-post-thumbnail","hentry","category-cooperation"],"_links":{"self":[{"href":"https:\/\/letempsmag.ma\/index.php?rest_route=\/wp\/v2\/posts\/25019","targetHints":{"allow":["GET"]}}],"collection":[{"href":"https:\/\/letempsmag.ma\/index.php?rest_route=\/wp\/v2\/posts"}],"about":[{"href":"https:\/\/letempsmag.ma\/index.php?rest_route=\/wp\/v2\/types\/post"}],"author":[{"embeddable":true,"href":"https:\/\/letempsmag.ma\/index.php?rest_route=\/wp\/v2\/users\/9"}],"replies":[{"embeddable":true,"href":"https:\/\/letempsmag.ma\/index.php?rest_route=%2Fwp%2Fv2%2Fcomments&post=25019"}],"version-history":[{"count":1,"href":"https:\/\/letempsmag.ma\/index.php?rest_route=\/wp\/v2\/posts\/25019\/revisions"}],"predecessor-version":[{"id":25021,"href":"https:\/\/letempsmag.ma\/index.php?rest_route=\/wp\/v2\/posts\/25019\/revisions\/25021"}],"wp:featuredmedia":[{"embeddable":true,"href":"https:\/\/letempsmag.ma\/index.php?rest_route=\/wp\/v2\/media\/25020"}],"wp:attachment":[{"href":"https:\/\/letempsmag.ma\/index.php?rest_route=%2Fwp%2Fv2%2Fmedia&parent=25019"}],"wp:term":[{"taxonomy":"category","embeddable":true,"href":"https:\/\/letempsmag.ma\/index.php?rest_route=%2Fwp%2Fv2%2Fcategories&post=25019"},{"taxonomy":"post_tag","embeddable":true,"href":"https:\/\/letempsmag.ma\/index.php?rest_route=%2Fwp%2Fv2%2Ftags&post=25019"}],"curies":[{"name":"wp","href":"https:\/\/api.w.org\/{rel}","templated":true}]}}