{"id":24975,"date":"2023-09-22T10:34:47","date_gmt":"2023-09-22T09:34:47","guid":{"rendered":"https:\/\/letempsmag.ma\/?p=24975"},"modified":"2023-09-22T10:34:48","modified_gmt":"2023-09-22T09:34:48","slug":"sanofi-contribue-pour-1-million-deuros-au-fonds-special-pour-la-gestion-des-effets-du-seisme","status":"publish","type":"post","link":"https:\/\/letempsmag.ma\/?p=24975","title":{"rendered":"Sanofi contribue pour 1 million d\u2019euros au Fonds sp\u00e9cial pour la gestion des effets du s\u00e9isme"},"content":{"rendered":"\n<p>Sanofi, g\u00e9ant fran\u00e7ais de l\u2019industrie pharmaceutique, exprime \u00e0 travers sa filiale marocaine et l\u2019ensemble de ses collaborateurs \u00e0 Casablanca leur \u00e9moi suite au s\u00e9isme qui a frapp\u00e9 r\u00e9cemment le Maroc. Sanofi annonce qu\u2019il s\u2019est imm\u00e9diatement mobilis\u00e9 et engag\u00e9, via son entit\u00e9 philanthropique, Foundation S, \u00e0 faire un don financier de 1 million d&#8217;euros (11 millions de DH) pour soutenir l\u2019effort humanitaire. Ce montant sera vers\u00e9 au Fonds sp\u00e9cial pour la gestion des effets du s\u00e9isme, cr\u00e9\u00e9 sur hautes instructions de S.M. le Roi Mohammed VI.<\/p>\n\n\n\n<p>Une initiative de solidarit\u00e9 \u00abUrgence S\u00e9isme Maroc\u00bb a \u00e9galement \u00e9t\u00e9 mise en place par Foundation S et la Croix-Rouge Fran\u00e7aise. Elle consiste \u00e0 proposer aux 91.000 collaborateurs de Sanofi dans le monde d\u2019effectuer des dons financiers qui seront revers\u00e9s au Croissant-Rouge Marocain. Foundation S indique qu\u2019elle doublera le montant des fonds ainsi r\u00e9colt\u00e9s.<\/p>\n","protected":false},"excerpt":{"rendered":"<p>Sanofi, g\u00e9ant fran\u00e7ais de l\u2019industrie pharmaceutique, exprime \u00e0 travers sa filiale marocaine et l\u2019ensemble de ses collaborateurs \u00e0 Casablanca leur \u00e9moi suite au s\u00e9isme qui a frapp\u00e9 r\u00e9cemment le Maroc. Sanofi annonce qu\u2019il s\u2019est imm\u00e9diatement mobilis\u00e9 et engag\u00e9, via son entit\u00e9 philanthropique, Foundation S, \u00e0 faire un don financier de 1 million d&#8217;euros (11 millions &hellip;<\/p>\n","protected":false},"author":9,"featured_media":24976,"comment_status":"open","ping_status":"closed","sticky":false,"template":"","format":"standard","meta":{"footnotes":""},"categories":[137],"tags":[],"class_list":["post-24975","post","type-post","status-publish","format-standard","has-post-thumbnail","hentry","category-solidarite-2"],"_links":{"self":[{"href":"https:\/\/letempsmag.ma\/index.php?rest_route=\/wp\/v2\/posts\/24975","targetHints":{"allow":["GET"]}}],"collection":[{"href":"https:\/\/letempsmag.ma\/index.php?rest_route=\/wp\/v2\/posts"}],"about":[{"href":"https:\/\/letempsmag.ma\/index.php?rest_route=\/wp\/v2\/types\/post"}],"author":[{"embeddable":true,"href":"https:\/\/letempsmag.ma\/index.php?rest_route=\/wp\/v2\/users\/9"}],"replies":[{"embeddable":true,"href":"https:\/\/letempsmag.ma\/index.php?rest_route=%2Fwp%2Fv2%2Fcomments&post=24975"}],"version-history":[{"count":1,"href":"https:\/\/letempsmag.ma\/index.php?rest_route=\/wp\/v2\/posts\/24975\/revisions"}],"predecessor-version":[{"id":24977,"href":"https:\/\/letempsmag.ma\/index.php?rest_route=\/wp\/v2\/posts\/24975\/revisions\/24977"}],"wp:featuredmedia":[{"embeddable":true,"href":"https:\/\/letempsmag.ma\/index.php?rest_route=\/wp\/v2\/media\/24976"}],"wp:attachment":[{"href":"https:\/\/letempsmag.ma\/index.php?rest_route=%2Fwp%2Fv2%2Fmedia&parent=24975"}],"wp:term":[{"taxonomy":"category","embeddable":true,"href":"https:\/\/letempsmag.ma\/index.php?rest_route=%2Fwp%2Fv2%2Fcategories&post=24975"},{"taxonomy":"post_tag","embeddable":true,"href":"https:\/\/letempsmag.ma\/index.php?rest_route=%2Fwp%2Fv2%2Ftags&post=24975"}],"curies":[{"name":"wp","href":"https:\/\/api.w.org\/{rel}","templated":true}]}}