{"id":24919,"date":"2023-09-19T10:58:55","date_gmt":"2023-09-19T09:58:55","guid":{"rendered":"https:\/\/letempsmag.ma\/?p=24919"},"modified":"2023-09-19T10:58:56","modified_gmt":"2023-09-19T09:58:56","slug":"la-banque-mondiale-et-le-fonds-monetaire-international-maintiennent-leur-conclave-a-marrakech","status":"publish","type":"post","link":"https:\/\/letempsmag.ma\/?p=24919","title":{"rendered":"La Banque Mondiale et le Fonds Mon\u00e9taire International maintiennent leur conclave \u00e0 Marrakech"},"content":{"rendered":"\n<p>La Banque Mondiale et le Fonds Mon\u00e9taire International (FMI) t\u00e9moignent leur confiance au Maroc et renouvellent leur engagement envers le Royaume \u00e0 tenir leurs assembl\u00e9es g\u00e9n\u00e9rales \u00e0 Marrakech, pr\u00e9vues du 9 au 15 octobre prochain. Dans ce sens, le Pr\u00e9sident de la Banque Mondiale, Ajay Banga, la Directrice G\u00e9n\u00e9rale du FMI, Kristalina Georgieva, et la Ministre marocaine de l&#8217;\u00c9conomie et des Finances, Nadia Fettah Alaoui, ont publi\u00e9 hier la d\u00e9claration suivante.<\/p>\n\n\n\n<p>\u00abDepuis le tremblement de terre d\u00e9vastateur au Maroc le 8 septembre, les services de la Banque Mondiale et du FMI ont travaill\u00e9 en \u00e9troite coordination avec les autorit\u00e9s marocaines et une \u00e9quipe d&#8217;experts pour \u00e9valuer minutieusement la capacit\u00e9 de Marrakech \u00e0 accueillir les Assembl\u00e9es annuelles de 2023.&nbsp;En entreprenant cette \u00e9valuation, les principales consid\u00e9rations \u00e9taient que les r\u00e9unions ne perturberaient pas les efforts vitaux de secours et de reconstruction et que la s\u00e9curit\u00e9 des participants puisse \u00eatre assur\u00e9e. Apr\u00e8s un examen attentif des conclusions, les Directions de la Banque Mondiale et du FMI, ainsi que les autorit\u00e9s marocaines, ont convenu de proc\u00e9der \u00e0 la tenue des Assembl\u00e9es annuelles 2023 \u00e0 Marrakech du 9 au 15 octobre, en adaptant le contenu aux circonstances.<\/p>\n\n\n\n<p>Alors que nous envisageons les r\u00e9unions, il est de la plus haute importance que nous les menions d&#8217;une mani\u00e8re qui n&#8217;entrave pas les efforts de secours en cours et qui soit respectueuse des victimes et du peuple marocain. En cette p\u00e9riode tr\u00e8s difficile, nous pensons que les Assembl\u00e9es annuelles offrent \u00e9galement l\u2019occasion \u00e0 la communaut\u00e9 internationale de se tenir aux c\u00f4t\u00e9s du Maroc et de son peuple, qui a une fois de plus fait preuve de r\u00e9silience face \u00e0 la trag\u00e9die. Nous restons \u00e9galement d\u00e9termin\u00e9s \u00e0 assurer la s\u00e9curit\u00e9 de tous les participants\u00bb.<\/p>\n\n\n\n<p><strong>Source&nbsp;; Bureau de la Banque Mondiale \u00e0 Rabat.<\/strong><\/p>\n","protected":false},"excerpt":{"rendered":"<p>La Banque Mondiale et le Fonds Mon\u00e9taire International (FMI) t\u00e9moignent leur confiance au Maroc et renouvellent leur engagement envers le Royaume \u00e0 tenir leurs assembl\u00e9es g\u00e9n\u00e9rales \u00e0 Marrakech, pr\u00e9vues du 9 au 15 octobre prochain. Dans ce sens, le Pr\u00e9sident de la Banque Mondiale, Ajay Banga, la Directrice G\u00e9n\u00e9rale du FMI, Kristalina Georgieva, et la &hellip;<\/p>\n","protected":false},"author":9,"featured_media":24920,"comment_status":"open","ping_status":"closed","sticky":false,"template":"","format":"standard","meta":{"footnotes":""},"categories":[1141],"tags":[],"class_list":["post-24919","post","type-post","status-publish","format-standard","has-post-thumbnail","hentry","category-apres-le-seisme"],"_links":{"self":[{"href":"https:\/\/letempsmag.ma\/index.php?rest_route=\/wp\/v2\/posts\/24919","targetHints":{"allow":["GET"]}}],"collection":[{"href":"https:\/\/letempsmag.ma\/index.php?rest_route=\/wp\/v2\/posts"}],"about":[{"href":"https:\/\/letempsmag.ma\/index.php?rest_route=\/wp\/v2\/types\/post"}],"author":[{"embeddable":true,"href":"https:\/\/letempsmag.ma\/index.php?rest_route=\/wp\/v2\/users\/9"}],"replies":[{"embeddable":true,"href":"https:\/\/letempsmag.ma\/index.php?rest_route=%2Fwp%2Fv2%2Fcomments&post=24919"}],"version-history":[{"count":1,"href":"https:\/\/letempsmag.ma\/index.php?rest_route=\/wp\/v2\/posts\/24919\/revisions"}],"predecessor-version":[{"id":24921,"href":"https:\/\/letempsmag.ma\/index.php?rest_route=\/wp\/v2\/posts\/24919\/revisions\/24921"}],"wp:featuredmedia":[{"embeddable":true,"href":"https:\/\/letempsmag.ma\/index.php?rest_route=\/wp\/v2\/media\/24920"}],"wp:attachment":[{"href":"https:\/\/letempsmag.ma\/index.php?rest_route=%2Fwp%2Fv2%2Fmedia&parent=24919"}],"wp:term":[{"taxonomy":"category","embeddable":true,"href":"https:\/\/letempsmag.ma\/index.php?rest_route=%2Fwp%2Fv2%2Fcategories&post=24919"},{"taxonomy":"post_tag","embeddable":true,"href":"https:\/\/letempsmag.ma\/index.php?rest_route=%2Fwp%2Fv2%2Ftags&post=24919"}],"curies":[{"name":"wp","href":"https:\/\/api.w.org\/{rel}","templated":true}]}}