{"id":24913,"date":"2023-09-19T10:57:23","date_gmt":"2023-09-19T09:57:23","guid":{"rendered":"https:\/\/letempsmag.ma\/?p=24913"},"modified":"2023-09-19T10:57:24","modified_gmt":"2023-09-19T09:57:24","slug":"joe-biden-appelle-s-m-le-roi-mohammed-vi-et-lassure-du-soutien-des-etats-unis","status":"publish","type":"post","link":"https:\/\/letempsmag.ma\/?p=24913","title":{"rendered":"Joe Biden appelle S.M. le Roi Mohammed VI et l\u2019assure du soutien des \u00c9tats-Unis"},"content":{"rendered":"\n<p>S.M le Roi Mohammed VI a re\u00e7u hier un appel t\u00e9l\u00e9phonique du Pr\u00e9sident des \u00c9tats-Unis, Joseph R. Biden. Au cours de cet entretien, le chef de la Maison-Blanche a exprim\u00e9 au Souverain et au peuple marocain ses condol\u00e9ances personnelles ainsi que celles du peuple et du gouvernement am\u00e9ricains, suite au r\u00e9cent s\u00e9isme qui a frapp\u00e9 plusieurs provinces du Royaume.<\/p>\n\n\n\n<p>Le Pr\u00e9sident Biden a salu\u00e9 la rapidit\u00e9 et l\u2019efficacit\u00e9 de la gestion de cette crise, conform\u00e9ment aux hautes instructions Royales, ainsi que des cons\u00e9quences de cette catastrophe naturelle de grande ampleur.<\/p>\n\n\n\n<p>Le haut responsable am\u00e9ricain a par ailleurs exprim\u00e9 la disposition des \u00c9tats-Unis \u00e0 apporter l\u2019aide et le soutien n\u00e9cessaires au Royaume sur la base des besoins identifi\u00e9s par les autorit\u00e9s marocaines, tels qu\u2019ils s\u2019inscrivent dans le cadre du plan d\u2019action multiforme d\u00e9ploy\u00e9 par le Maroc pour faire face \u00e0 cette trag\u00e9die.<\/p>\n\n\n\n<p>La Maison-Blanche a indiqu\u00e9 que, dans un communiqu\u00e9, que les deux Chefs d\u2019\u00c9tat \u00abont pass\u00e9 en revue l\u2019aide am\u00e9ricaine destin\u00e9e \u00e0 soutenir les efforts du Maroc dans la r\u00e9ponse \u00e0 la catastrophe, y compris 1 million de dollars allou\u00e9s aux activit\u00e9s de secours, et ont discut\u00e9 de la volont\u00e9 des \u00c9tats-Unis d\u2019aider au rel\u00e8vement des r\u00e9gions touch\u00e9es. Les deux dirigeants ont convenu de rester en contact \u00e9troit\u00bb.<\/p>\n\n\n\n<p><strong>Y. E. H.<\/strong><\/p>\n","protected":false},"excerpt":{"rendered":"<p>S.M le Roi Mohammed VI a re\u00e7u hier un appel t\u00e9l\u00e9phonique du Pr\u00e9sident des \u00c9tats-Unis, Joseph R. Biden. Au cours de cet entretien, le chef de la Maison-Blanche a exprim\u00e9 au Souverain et au peuple marocain ses condol\u00e9ances personnelles ainsi que celles du peuple et du gouvernement am\u00e9ricains, suite au r\u00e9cent s\u00e9isme qui a frapp\u00e9 &hellip;<\/p>\n","protected":false},"author":9,"featured_media":24914,"comment_status":"open","ping_status":"closed","sticky":false,"template":"","format":"standard","meta":{"footnotes":""},"categories":[137],"tags":[],"class_list":["post-24913","post","type-post","status-publish","format-standard","has-post-thumbnail","hentry","category-solidarite-2"],"_links":{"self":[{"href":"https:\/\/letempsmag.ma\/index.php?rest_route=\/wp\/v2\/posts\/24913","targetHints":{"allow":["GET"]}}],"collection":[{"href":"https:\/\/letempsmag.ma\/index.php?rest_route=\/wp\/v2\/posts"}],"about":[{"href":"https:\/\/letempsmag.ma\/index.php?rest_route=\/wp\/v2\/types\/post"}],"author":[{"embeddable":true,"href":"https:\/\/letempsmag.ma\/index.php?rest_route=\/wp\/v2\/users\/9"}],"replies":[{"embeddable":true,"href":"https:\/\/letempsmag.ma\/index.php?rest_route=%2Fwp%2Fv2%2Fcomments&post=24913"}],"version-history":[{"count":1,"href":"https:\/\/letempsmag.ma\/index.php?rest_route=\/wp\/v2\/posts\/24913\/revisions"}],"predecessor-version":[{"id":24915,"href":"https:\/\/letempsmag.ma\/index.php?rest_route=\/wp\/v2\/posts\/24913\/revisions\/24915"}],"wp:featuredmedia":[{"embeddable":true,"href":"https:\/\/letempsmag.ma\/index.php?rest_route=\/wp\/v2\/media\/24914"}],"wp:attachment":[{"href":"https:\/\/letempsmag.ma\/index.php?rest_route=%2Fwp%2Fv2%2Fmedia&parent=24913"}],"wp:term":[{"taxonomy":"category","embeddable":true,"href":"https:\/\/letempsmag.ma\/index.php?rest_route=%2Fwp%2Fv2%2Fcategories&post=24913"},{"taxonomy":"post_tag","embeddable":true,"href":"https:\/\/letempsmag.ma\/index.php?rest_route=%2Fwp%2Fv2%2Ftags&post=24913"}],"curies":[{"name":"wp","href":"https:\/\/api.w.org\/{rel}","templated":true}]}}