{"id":24898,"date":"2023-09-19T10:54:04","date_gmt":"2023-09-19T09:54:04","guid":{"rendered":"https:\/\/letempsmag.ma\/?p=24898"},"modified":"2023-09-19T10:54:05","modified_gmt":"2023-09-19T09:54:05","slug":"lautorite-marocaine-du-marche-des-capitaux-contribue-au-fonds-special","status":"publish","type":"post","link":"https:\/\/letempsmag.ma\/?p=24898","title":{"rendered":"L\u2019Autorit\u00e9 Marocaine du March\u00e9 des Capitaux contribue au Fonds sp\u00e9cial"},"content":{"rendered":"\n<p>L\u2019Autorit\u00e9 Marocaine du March\u00e9 des Capitaux (AMMC) rejoint l\u2019\u00e9lan de solidarit\u00e9 nationale insuffl\u00e9 par S.M. le Roi Mohammed VI. Elle contribue \u00e0 hauteur de 10 millions de DH au Fonds sp\u00e9cial \u00ab126\u00bb pour la gestion des effets du tremblement de terre qui a frapp\u00e9 r\u00e9cemment le Royaume. \u00c0 cette contribution, viennent s\u2019ajouter des dons individuels du personnel de l\u2019AMMC.<\/p>\n","protected":false},"excerpt":{"rendered":"<p>L\u2019Autorit\u00e9 Marocaine du March\u00e9 des Capitaux (AMMC) rejoint l\u2019\u00e9lan de solidarit\u00e9 nationale insuffl\u00e9 par S.M. le Roi Mohammed VI. Elle contribue \u00e0 hauteur de 10 millions de DH au Fonds sp\u00e9cial \u00ab126\u00bb pour la gestion des effets du tremblement de terre qui a frapp\u00e9 r\u00e9cemment le Royaume. \u00c0 cette contribution, viennent s\u2019ajouter des dons individuels &hellip;<\/p>\n","protected":false},"author":9,"featured_media":24899,"comment_status":"open","ping_status":"closed","sticky":false,"template":"","format":"standard","meta":{"footnotes":""},"categories":[137],"tags":[],"class_list":["post-24898","post","type-post","status-publish","format-standard","has-post-thumbnail","hentry","category-solidarite-2"],"_links":{"self":[{"href":"https:\/\/letempsmag.ma\/index.php?rest_route=\/wp\/v2\/posts\/24898","targetHints":{"allow":["GET"]}}],"collection":[{"href":"https:\/\/letempsmag.ma\/index.php?rest_route=\/wp\/v2\/posts"}],"about":[{"href":"https:\/\/letempsmag.ma\/index.php?rest_route=\/wp\/v2\/types\/post"}],"author":[{"embeddable":true,"href":"https:\/\/letempsmag.ma\/index.php?rest_route=\/wp\/v2\/users\/9"}],"replies":[{"embeddable":true,"href":"https:\/\/letempsmag.ma\/index.php?rest_route=%2Fwp%2Fv2%2Fcomments&post=24898"}],"version-history":[{"count":1,"href":"https:\/\/letempsmag.ma\/index.php?rest_route=\/wp\/v2\/posts\/24898\/revisions"}],"predecessor-version":[{"id":24900,"href":"https:\/\/letempsmag.ma\/index.php?rest_route=\/wp\/v2\/posts\/24898\/revisions\/24900"}],"wp:featuredmedia":[{"embeddable":true,"href":"https:\/\/letempsmag.ma\/index.php?rest_route=\/wp\/v2\/media\/24899"}],"wp:attachment":[{"href":"https:\/\/letempsmag.ma\/index.php?rest_route=%2Fwp%2Fv2%2Fmedia&parent=24898"}],"wp:term":[{"taxonomy":"category","embeddable":true,"href":"https:\/\/letempsmag.ma\/index.php?rest_route=%2Fwp%2Fv2%2Fcategories&post=24898"},{"taxonomy":"post_tag","embeddable":true,"href":"https:\/\/letempsmag.ma\/index.php?rest_route=%2Fwp%2Fv2%2Ftags&post=24898"}],"curies":[{"name":"wp","href":"https:\/\/api.w.org\/{rel}","templated":true}]}}