{"id":24895,"date":"2023-09-19T10:53:27","date_gmt":"2023-09-19T09:53:27","guid":{"rendered":"https:\/\/letempsmag.ma\/?p=24895"},"modified":"2023-09-19T10:53:28","modified_gmt":"2023-09-19T09:53:28","slug":"bim-maroc-sassocie-a-lelan-de-mobilisation-nationale","status":"publish","type":"post","link":"https:\/\/letempsmag.ma\/?p=24895","title":{"rendered":"BIM Maroc s\u2019associe \u00e0 l\u2019\u00e9lan de mobilisation nationale"},"content":{"rendered":"\n<p>Suite au s\u00e9isme d\u00e9vastateur qui a frapp\u00e9 la r\u00e9gion d\u2019El Haouz, BIM Maroc exprime son soutien in\u00e9branlable \u00e0 l&#8217;ensemble de la population marocaine et adresse ses condol\u00e9ances aux familles des victimes. Le r\u00e9seau du hard discounter turc s\u2019inscrit dans l\u2019\u00e9lan de solidarit\u00e9 dont l\u2019ensemble des Marocains ont fait preuve suite \u00e0 cette trag\u00e9die. L\u2019engagement de BIM Maroc se d\u00e9cline \u00e0 travers deux axes&nbsp;: un appel \u00e0 l\u2019ensemble de ses collaboratrices et collaborateurs pour participer \u00e0 l\u2019action de don de sang et un don en nature de pr\u00e8s de 40 tonnes de denr\u00e9es alimentaires, d\u00e8s le lendemain du s\u00e9isme pour faciliter l\u2019acc\u00e8s aux personnes touch\u00e9es \u00e0 des produits alimentaires essentiels.<\/p>\n\n\n\n<p>BIM Maroc s\u2019engage par ailleurs \u00e0 effectuer un don suppl\u00e9mentaire de produits de premi\u00e8re n\u00e9cessit\u00e9, sur une dur\u00e9e de 3 mois, \u00e0 raison d\u2019une livraison par semaine, en coordination avec la Fondation Mohammed V et les autorit\u00e9s locales, afin de r\u00e9pondre aux besoins sp\u00e9cifiques de la population.<\/p>\n\n\n\n<p>BIM Maroc continue de travailler sur d\u2019autres initiatives solidaires et d\u2019\u00e9changer avec ses partenaires de la soci\u00e9t\u00e9 civile afin d\u2019accompagner la strat\u00e9gie de reconstruction des zones sinistr\u00e9es et assurer un r\u00e9tablissement progressif de la communaut\u00e9.<\/p>\n","protected":false},"excerpt":{"rendered":"<p>Suite au s\u00e9isme d\u00e9vastateur qui a frapp\u00e9 la r\u00e9gion d\u2019El Haouz, BIM Maroc exprime son soutien in\u00e9branlable \u00e0 l&#8217;ensemble de la population marocaine et adresse ses condol\u00e9ances aux familles des victimes. Le r\u00e9seau du hard discounter turc s\u2019inscrit dans l\u2019\u00e9lan de solidarit\u00e9 dont l\u2019ensemble des Marocains ont fait preuve suite \u00e0 cette trag\u00e9die. L\u2019engagement de &hellip;<\/p>\n","protected":false},"author":9,"featured_media":24896,"comment_status":"open","ping_status":"closed","sticky":false,"template":"","format":"standard","meta":{"footnotes":""},"categories":[137],"tags":[],"class_list":["post-24895","post","type-post","status-publish","format-standard","has-post-thumbnail","hentry","category-solidarite-2"],"_links":{"self":[{"href":"https:\/\/letempsmag.ma\/index.php?rest_route=\/wp\/v2\/posts\/24895","targetHints":{"allow":["GET"]}}],"collection":[{"href":"https:\/\/letempsmag.ma\/index.php?rest_route=\/wp\/v2\/posts"}],"about":[{"href":"https:\/\/letempsmag.ma\/index.php?rest_route=\/wp\/v2\/types\/post"}],"author":[{"embeddable":true,"href":"https:\/\/letempsmag.ma\/index.php?rest_route=\/wp\/v2\/users\/9"}],"replies":[{"embeddable":true,"href":"https:\/\/letempsmag.ma\/index.php?rest_route=%2Fwp%2Fv2%2Fcomments&post=24895"}],"version-history":[{"count":1,"href":"https:\/\/letempsmag.ma\/index.php?rest_route=\/wp\/v2\/posts\/24895\/revisions"}],"predecessor-version":[{"id":24897,"href":"https:\/\/letempsmag.ma\/index.php?rest_route=\/wp\/v2\/posts\/24895\/revisions\/24897"}],"wp:featuredmedia":[{"embeddable":true,"href":"https:\/\/letempsmag.ma\/index.php?rest_route=\/wp\/v2\/media\/24896"}],"wp:attachment":[{"href":"https:\/\/letempsmag.ma\/index.php?rest_route=%2Fwp%2Fv2%2Fmedia&parent=24895"}],"wp:term":[{"taxonomy":"category","embeddable":true,"href":"https:\/\/letempsmag.ma\/index.php?rest_route=%2Fwp%2Fv2%2Fcategories&post=24895"},{"taxonomy":"post_tag","embeddable":true,"href":"https:\/\/letempsmag.ma\/index.php?rest_route=%2Fwp%2Fv2%2Ftags&post=24895"}],"curies":[{"name":"wp","href":"https:\/\/api.w.org\/{rel}","templated":true}]}}