{"id":24886,"date":"2023-09-19T10:51:23","date_gmt":"2023-09-19T09:51:23","guid":{"rendered":"https:\/\/letempsmag.ma\/?p=24886"},"modified":"2023-09-19T10:51:24","modified_gmt":"2023-09-19T09:51:24","slug":"akwa-group-contribue-avec-600-millions-de-dh-au-fonds-special","status":"publish","type":"post","link":"https:\/\/letempsmag.ma\/?p=24886","title":{"rendered":"Akwa Group contribue avec 600 millions de DH au Fonds sp\u00e9cial"},"content":{"rendered":"\n<p>Akwa Group met \u00e0 contribution ses filiales, en particulier Afriquia SMDC et Afriquia Gaz, pour mobiliser un don de 600 millions de DH au Fonds sp\u00e9cial cr\u00e9\u00e9 suite aux hautes instructions Royales. Cette contribution s\u2019inscrit dans le cadre de l\u2019\u00e9lan de solidarit\u00e9 national \u00e0 l\u2019\u00e9gard des populations touch\u00e9es par le s\u00e9isme.<\/p>\n\n\n\n<p>Ces entreprises, op\u00e9rant dans la distribution des carburants et de gaz de p\u00e9trole liqu\u00e9fi\u00e9 sont mobilis\u00e9es sur le terrain depuis les premi\u00e8res heures qui ont suivi la catastrophe naturelle, pour mener diverses actions d\u2019aide aux sinistr\u00e9s et apporter leur assistance aux associations dans les zones touch\u00e9es, indique la direction d\u2019Afriquia SMDC.<\/p>\n","protected":false},"excerpt":{"rendered":"<p>Akwa Group met \u00e0 contribution ses filiales, en particulier Afriquia SMDC et Afriquia Gaz, pour mobiliser un don de 600 millions de DH au Fonds sp\u00e9cial cr\u00e9\u00e9 suite aux hautes instructions Royales. Cette contribution s\u2019inscrit dans le cadre de l\u2019\u00e9lan de solidarit\u00e9 national \u00e0 l\u2019\u00e9gard des populations touch\u00e9es par le s\u00e9isme. Ces entreprises, op\u00e9rant dans &hellip;<\/p>\n","protected":false},"author":9,"featured_media":24887,"comment_status":"open","ping_status":"closed","sticky":false,"template":"","format":"standard","meta":{"footnotes":""},"categories":[137],"tags":[],"class_list":["post-24886","post","type-post","status-publish","format-standard","has-post-thumbnail","hentry","category-solidarite-2"],"_links":{"self":[{"href":"https:\/\/letempsmag.ma\/index.php?rest_route=\/wp\/v2\/posts\/24886","targetHints":{"allow":["GET"]}}],"collection":[{"href":"https:\/\/letempsmag.ma\/index.php?rest_route=\/wp\/v2\/posts"}],"about":[{"href":"https:\/\/letempsmag.ma\/index.php?rest_route=\/wp\/v2\/types\/post"}],"author":[{"embeddable":true,"href":"https:\/\/letempsmag.ma\/index.php?rest_route=\/wp\/v2\/users\/9"}],"replies":[{"embeddable":true,"href":"https:\/\/letempsmag.ma\/index.php?rest_route=%2Fwp%2Fv2%2Fcomments&post=24886"}],"version-history":[{"count":1,"href":"https:\/\/letempsmag.ma\/index.php?rest_route=\/wp\/v2\/posts\/24886\/revisions"}],"predecessor-version":[{"id":24888,"href":"https:\/\/letempsmag.ma\/index.php?rest_route=\/wp\/v2\/posts\/24886\/revisions\/24888"}],"wp:featuredmedia":[{"embeddable":true,"href":"https:\/\/letempsmag.ma\/index.php?rest_route=\/wp\/v2\/media\/24887"}],"wp:attachment":[{"href":"https:\/\/letempsmag.ma\/index.php?rest_route=%2Fwp%2Fv2%2Fmedia&parent=24886"}],"wp:term":[{"taxonomy":"category","embeddable":true,"href":"https:\/\/letempsmag.ma\/index.php?rest_route=%2Fwp%2Fv2%2Fcategories&post=24886"},{"taxonomy":"post_tag","embeddable":true,"href":"https:\/\/letempsmag.ma\/index.php?rest_route=%2Fwp%2Fv2%2Ftags&post=24886"}],"curies":[{"name":"wp","href":"https:\/\/api.w.org\/{rel}","templated":true}]}}