{"id":24826,"date":"2023-09-13T12:06:11","date_gmt":"2023-09-13T11:06:11","guid":{"rendered":"https:\/\/letempsmag.ma\/?p=24826"},"modified":"2023-09-13T12:06:12","modified_gmt":"2023-09-13T11:06:12","slug":"geste-hautement-citoyen-dautoroutes-du-maroc","status":"publish","type":"post","link":"https:\/\/letempsmag.ma\/?p=24826","title":{"rendered":"Geste hautement citoyen d\u2019Autoroutes du Maroc"},"content":{"rendered":"\n<p>La soci\u00e9t\u00e9 nationale des Autoroutes du Maroc (ADM) annonce que les recettes de p\u00e9age de l\u2019autoroute collect\u00e9es aupr\u00e8s des convois d\u2019aides humanitaires destin\u00e9s aux r\u00e9gions sinistr\u00e9es, seront vers\u00e9es au Fonds officiel cr\u00e9\u00e9 par l\u2019\u00c9tat pour la gestion des impacts du s\u00e9isme du 8 septembre. Cette initiative est ind\u00e9pendante de la contribution financi\u00e8re d\u2019ADM au Fonds en question, et ce, en r\u00e9ponse \u00e0 l\u2019\u00e9lan de solidarit\u00e9 impuls\u00e9 par S.M. le Roi Mohammed VI et \u00e0 la mobilisation nationale pour le soutien aux populations touch\u00e9es.<a><\/a><\/p>\n","protected":false},"excerpt":{"rendered":"<p>La soci\u00e9t\u00e9 nationale des Autoroutes du Maroc (ADM) annonce que les recettes de p\u00e9age de l\u2019autoroute collect\u00e9es aupr\u00e8s des convois d\u2019aides humanitaires destin\u00e9s aux r\u00e9gions sinistr\u00e9es, seront vers\u00e9es au Fonds officiel cr\u00e9\u00e9 par l\u2019\u00c9tat pour la gestion des impacts du s\u00e9isme du 8 septembre. Cette initiative est ind\u00e9pendante de la contribution financi\u00e8re d\u2019ADM au Fonds &hellip;<\/p>\n","protected":false},"author":9,"featured_media":24827,"comment_status":"open","ping_status":"closed","sticky":false,"template":"","format":"standard","meta":{"footnotes":""},"categories":[137],"tags":[],"class_list":["post-24826","post","type-post","status-publish","format-standard","has-post-thumbnail","hentry","category-solidarite-2"],"_links":{"self":[{"href":"https:\/\/letempsmag.ma\/index.php?rest_route=\/wp\/v2\/posts\/24826","targetHints":{"allow":["GET"]}}],"collection":[{"href":"https:\/\/letempsmag.ma\/index.php?rest_route=\/wp\/v2\/posts"}],"about":[{"href":"https:\/\/letempsmag.ma\/index.php?rest_route=\/wp\/v2\/types\/post"}],"author":[{"embeddable":true,"href":"https:\/\/letempsmag.ma\/index.php?rest_route=\/wp\/v2\/users\/9"}],"replies":[{"embeddable":true,"href":"https:\/\/letempsmag.ma\/index.php?rest_route=%2Fwp%2Fv2%2Fcomments&post=24826"}],"version-history":[{"count":1,"href":"https:\/\/letempsmag.ma\/index.php?rest_route=\/wp\/v2\/posts\/24826\/revisions"}],"predecessor-version":[{"id":24828,"href":"https:\/\/letempsmag.ma\/index.php?rest_route=\/wp\/v2\/posts\/24826\/revisions\/24828"}],"wp:featuredmedia":[{"embeddable":true,"href":"https:\/\/letempsmag.ma\/index.php?rest_route=\/wp\/v2\/media\/24827"}],"wp:attachment":[{"href":"https:\/\/letempsmag.ma\/index.php?rest_route=%2Fwp%2Fv2%2Fmedia&parent=24826"}],"wp:term":[{"taxonomy":"category","embeddable":true,"href":"https:\/\/letempsmag.ma\/index.php?rest_route=%2Fwp%2Fv2%2Fcategories&post=24826"},{"taxonomy":"post_tag","embeddable":true,"href":"https:\/\/letempsmag.ma\/index.php?rest_route=%2Fwp%2Fv2%2Ftags&post=24826"}],"curies":[{"name":"wp","href":"https:\/\/api.w.org\/{rel}","templated":true}]}}