{"id":24816,"date":"2023-09-12T11:51:19","date_gmt":"2023-09-12T10:51:19","guid":{"rendered":"https:\/\/letempsmag.ma\/?p=24816"},"modified":"2023-09-12T13:53:17","modified_gmt":"2023-09-12T12:53:17","slug":"immondes-medias-francais","status":"publish","type":"post","link":"https:\/\/letempsmag.ma\/?p=24816","title":{"rendered":"Immondes m\u00e9dias fran\u00e7ais"},"content":{"rendered":"\n<p class=\"has-text-align-center\"><strong>Par HASSAN EL ARCH<\/strong><\/p>\n\n\n\n<p>S\u2019il fallait encore une preuve de la \u00abhaine du Marocain\u00bb chez une partie des m\u00e9dias fran\u00e7ais, elle nous a \u00e9t\u00e9 servie en flux tendu depuis la tragique nuit du vendredi dernier, d\u00e8s la survenance du s\u00e9isme qui a frapp\u00e9 le Royaume. On savait que cette presse-l\u00e0, aux bottes de l\u2019\u00c9lys\u00e9e et des courants x\u00e9nophobes de l\u2019Hexagone, n\u2019aimait pas le Maroc (tout en appr\u00e9ciant son hospitalit\u00e9) et qu\u2019elle regardait le Royaume de haut (tout en raffolant de ses palaces et de son soleil). Ce qu\u2019on savait un peu moins, c\u2019est \u00e0 quel point ces m\u00e9dias immondes poussaient l\u2019ind\u00e9cence, voire l\u2019immoralit\u00e9, dans l\u2019exercice du noble m\u00e9tier du journalisme&#8230;<\/p>\n\n\n\n<p>D\u2019ignobles m\u00e9dias tricolores, \u00abFrance24\u00bb, \u00abLCI\u00bb et \u00abCNews\u00bb notamment, ont d\u00e9cid\u00e9 depuis samedi dernier de partir en croisade contre le Maroc qui n\u2019en finit pas d\u2019enterrer ses morts en plein deuil national. La presse audiovisuelle \u00e9tant par d\u00e9finition la plus visible du grand public, ces cha\u00eenes de t\u00e9l\u00e9vision anti-marocaines d\u00e9ploient sans vergogne aucune un mode op\u00e9ratoire qui tient de la mentalit\u00e9 de charognard. Il n\u2019y a pas d\u2019autres mots. Le Maroc a franchi la barre des 3.000 victimes et soigne ses bless\u00e9s, ses orphelins et ses veuves par milliers aussi, et ces m\u00e9dias se r\u00e9pandent dans un travail de sape immoral sur le terrain.<\/p>\n\n\n\n<p>Sur les d\u00e9combres \u00e0 Moulay Brahim, \u00e0 Amizmiz et \u00e0 Taroudant, les \u00abenvoy\u00e9s sp\u00e9ciaux\u00bb ont pour consigne (pour ligne directrice, en tout cas) de ne recueillir que les t\u00e9moignages \u00e0 charge contre les autorit\u00e9s marocaines. De ne poser que des questions outrageusement orient\u00e9es contre l&#8217;effort national de mobilisation. De ne filmer que la douleur et la mort, non la foi et l\u2019espoir. Bref, de ne produire que du contenu mortif\u00e8re en tirant \u00e0 boulets rouges sur les autorit\u00e9s et les services de secours.<\/p>\n\n\n\n<p>Ah oui, c\u2019est vrai\u00a0! Le Maroc n&#8217;a pas r\u00e9pondu \u00e0 l\u2019offre d&#8217;aide formul\u00e9e par la France macronienne. Quel crime de l\u00e8se-\u00c9lys\u00e9e\u00a0! Il est donc tout \u00e0 fait normal que ces m\u00e9dias en service command\u00e9 pointent la \u00ablenteur\u00bb des secours, soulignent le \u00abchaos\u00bb dans les circuits d\u2019intervention et pointent les modes op\u00e9ratoires des secouristes, marocains mais qataris aussi. Sans, bien \u00e9videmment, \u00e9gratigner les secouristes espagnols ni britanniques&#8230;<\/p>\n\n\n\n<p>En gros, ce que s\u2019\u00e9chinent \u00e0 diffuser sur les ondes ces m\u00e9dias fran\u00e7ais boueux, c\u2019est \u00e0 peu pr\u00e8s ceci&nbsp;: s&#8217;il y a autant de cadavres retir\u00e9s des d\u00e9combres et autant de d\u00e9tresse humaine post-sismique, c&#8217;est parce que la France n&#8217;est pas l\u00e0&nbsp;! Non pas la France humaniste et juste que l&#8217;on conna\u00eet bien et qu&#8217;on respecte. Non, l&#8217;autre France que l&#8217;on endure depuis qu&#8217;elle est gouvern\u00e9e par l&#8217;actuel locataire de l&#8217;\u00c9lys\u00e9e. La France macronienne, redisons-le clairement. La France supr\u00e9maciste. La France blanche. La France x\u00e9nophobe. La France raciste. La France condescendante. La France irr\u00e9m\u00e9diablement colonialiste.<\/p>\n\n\n\n<p>Mais attention, faisons notre auto-examen\u2026 Certains Marocains ont leur part de responsabilit\u00e9 dans cette cur\u00e9e journalistique qui nous retourne l\u2019estomac\u00a0! Ce sont ceux et celles qui accourent au devant des micros et des cam\u00e9ras de \u00abFrance24\u00bb, de \u00abLCI\u00bb et \u00abCNews\u00bb, entre autres, parce qu&#8217;ils pensent que ces m\u00e9dias compatissent pour leur douleur et transmettent au monde entier la r\u00e9alit\u00e9 de leur v\u00e9cu, contrairement aux m\u00e9dias marocains qu&#8217;il vaut mieux \u00e9viter parce que \u00abinf\u00e9od\u00e9s aux autorit\u00e9s\u00bb. On a entendu ce discours plusieurs fois depuis samedi dernier. Voil\u00e0 donc aussi la triste r\u00e9alit\u00e9 de ceux qui se pr\u00e9tendent patriotes\u2026<\/p>\n\n\n\n<p>Et pour finir sur cette m\u00eame note de patriotisme, de fiert\u00e9 marocaine et de dignit\u00e9 humaine tout simplement, disons-le haut et fort en ces moments p\u00e9nibles pour pr\u00e8s de 40 millions de Marocains&nbsp;: faire le buzz pour lustrer son image sur les r\u00e9seaux sociaux en surfant sur la douleur et le deuil de milliers de familles n\u2019a rien de glorieux. Et encore moins de patriotique. Influenceuses et autres youtubeurs seraient mieux inspir\u00e9s dans une posture de sinc\u00e9rit\u00e9&nbsp;! Plus de modestie humaine, moins de narcissisme \u00e9lectronique&#8230; La vraie solidarit\u00e9 s&#8217;exprime loin des selfies et des vid\u00e9os auto-gratifiantes. Parce qu\u2019elle est d\u00e9sint\u00e9ress\u00e9e. Tout simplement.<\/p>\n","protected":false},"excerpt":{"rendered":"<p>Par HASSAN EL ARCH S\u2019il fallait encore une preuve de la \u00abhaine du Marocain\u00bb chez une partie des m\u00e9dias fran\u00e7ais, elle nous a \u00e9t\u00e9 servie en flux tendu depuis la tragique nuit du vendredi dernier, d\u00e8s la survenance du s\u00e9isme qui a frapp\u00e9 le Royaume. On savait que cette presse-l\u00e0, aux bottes de l\u2019\u00c9lys\u00e9e et &hellip;<\/p>\n","protected":false},"author":9,"featured_media":24817,"comment_status":"open","ping_status":"closed","sticky":false,"template":"","format":"standard","meta":{"footnotes":""},"categories":[369],"tags":[],"class_list":["post-24816","post","type-post","status-publish","format-standard","has-post-thumbnail","hentry","category-billet"],"_links":{"self":[{"href":"https:\/\/letempsmag.ma\/index.php?rest_route=\/wp\/v2\/posts\/24816","targetHints":{"allow":["GET"]}}],"collection":[{"href":"https:\/\/letempsmag.ma\/index.php?rest_route=\/wp\/v2\/posts"}],"about":[{"href":"https:\/\/letempsmag.ma\/index.php?rest_route=\/wp\/v2\/types\/post"}],"author":[{"embeddable":true,"href":"https:\/\/letempsmag.ma\/index.php?rest_route=\/wp\/v2\/users\/9"}],"replies":[{"embeddable":true,"href":"https:\/\/letempsmag.ma\/index.php?rest_route=%2Fwp%2Fv2%2Fcomments&post=24816"}],"version-history":[{"count":2,"href":"https:\/\/letempsmag.ma\/index.php?rest_route=\/wp\/v2\/posts\/24816\/revisions"}],"predecessor-version":[{"id":24820,"href":"https:\/\/letempsmag.ma\/index.php?rest_route=\/wp\/v2\/posts\/24816\/revisions\/24820"}],"wp:featuredmedia":[{"embeddable":true,"href":"https:\/\/letempsmag.ma\/index.php?rest_route=\/wp\/v2\/media\/24817"}],"wp:attachment":[{"href":"https:\/\/letempsmag.ma\/index.php?rest_route=%2Fwp%2Fv2%2Fmedia&parent=24816"}],"wp:term":[{"taxonomy":"category","embeddable":true,"href":"https:\/\/letempsmag.ma\/index.php?rest_route=%2Fwp%2Fv2%2Fcategories&post=24816"},{"taxonomy":"post_tag","embeddable":true,"href":"https:\/\/letempsmag.ma\/index.php?rest_route=%2Fwp%2Fv2%2Ftags&post=24816"}],"curies":[{"name":"wp","href":"https:\/\/api.w.org\/{rel}","templated":true}]}}