{"id":24777,"date":"2023-09-12T11:20:56","date_gmt":"2023-09-12T10:20:56","guid":{"rendered":"https:\/\/letempsmag.ma\/?p=24777"},"modified":"2023-09-12T11:23:23","modified_gmt":"2023-09-12T10:23:23","slug":"berlin-affirme-que-la-decision-du-maroc-de-renoncer-a-laide-allemande-nest-pas-politique","status":"publish","type":"post","link":"https:\/\/letempsmag.ma\/?p=24777","title":{"rendered":"Berlin affirme que la d\u00e9cision du Maroc de renoncer \u00e0 l&#8217;aide allemande n&#8217;est pas politique"},"content":{"rendered":"\n<p>L&#8217;Allemagne ne voit aucun signe que la d\u00e9cision du Maroc soit politique, s\u2019agissant de laisser sur la table l&#8217;aide apport\u00e9e par Berlin pour appuyer la gestion des effets du tremblement de terre. C\u2019est ce qu\u2019a d\u00e9clar\u00e9 hier un porte-parole du minist\u00e8re allemand des Affaires \u00e9trang\u00e8res. \u00abLes relations diplomatiques entre l&#8217;Allemagne et le Maroc sont bonnes\u00bb, a indiqu\u00e9 le haut responsable, ajoutant que la partie marocaine a remerci\u00e9 l&#8217;Allemagne pour son offre d&#8217;aide.<\/p>\n\n\n\n<p>Comme l\u2019Allemagne l\u2019a appris des inondations meurtri\u00e8res de 2021 dans la vall\u00e9e de l\u2019Ahr (en Rh\u00e9nanie), la coordination de l\u2019aide est importante lors de catastrophes majeures pour garantir que les secouristes ne se g\u00eanent pas les uns les autres, a d\u00e9clar\u00e9 le porte-parole. \u00abJe suis s\u00fbr qu&#8217;ils (NDLR&nbsp;: le Maroc) ont r\u00e9fl\u00e9chi tr\u00e8s soigneusement aux forces qui peuvent \u00eatre d\u00e9ploy\u00e9es, o\u00f9 et comment elles peuvent y arriver et aux capacit\u00e9s de transport disponibles, par exemple\u00bb, a soulign\u00e9 le haut responsable allemand.<\/p>\n\n\n\n<p><strong>Y. E. H.<\/strong><\/p>\n","protected":false},"excerpt":{"rendered":"<p>L&#8217;Allemagne ne voit aucun signe que la d\u00e9cision du Maroc soit politique, s\u2019agissant de laisser sur la table l&#8217;aide apport\u00e9e par Berlin pour appuyer la gestion des effets du tremblement de terre. C\u2019est ce qu\u2019a d\u00e9clar\u00e9 hier un porte-parole du minist\u00e8re allemand des Affaires \u00e9trang\u00e8res. \u00abLes relations diplomatiques entre l&#8217;Allemagne et le Maroc sont bonnes\u00bb, &hellip;<\/p>\n","protected":false},"author":9,"featured_media":24787,"comment_status":"open","ping_status":"closed","sticky":false,"template":"","format":"standard","meta":{"footnotes":""},"categories":[1131],"tags":[],"class_list":["post-24777","post","type-post","status-publish","format-standard","has-post-thumbnail","hentry","category-international"],"_links":{"self":[{"href":"https:\/\/letempsmag.ma\/index.php?rest_route=\/wp\/v2\/posts\/24777","targetHints":{"allow":["GET"]}}],"collection":[{"href":"https:\/\/letempsmag.ma\/index.php?rest_route=\/wp\/v2\/posts"}],"about":[{"href":"https:\/\/letempsmag.ma\/index.php?rest_route=\/wp\/v2\/types\/post"}],"author":[{"embeddable":true,"href":"https:\/\/letempsmag.ma\/index.php?rest_route=\/wp\/v2\/users\/9"}],"replies":[{"embeddable":true,"href":"https:\/\/letempsmag.ma\/index.php?rest_route=%2Fwp%2Fv2%2Fcomments&post=24777"}],"version-history":[{"count":1,"href":"https:\/\/letempsmag.ma\/index.php?rest_route=\/wp\/v2\/posts\/24777\/revisions"}],"predecessor-version":[{"id":24779,"href":"https:\/\/letempsmag.ma\/index.php?rest_route=\/wp\/v2\/posts\/24777\/revisions\/24779"}],"wp:featuredmedia":[{"embeddable":true,"href":"https:\/\/letempsmag.ma\/index.php?rest_route=\/wp\/v2\/media\/24787"}],"wp:attachment":[{"href":"https:\/\/letempsmag.ma\/index.php?rest_route=%2Fwp%2Fv2%2Fmedia&parent=24777"}],"wp:term":[{"taxonomy":"category","embeddable":true,"href":"https:\/\/letempsmag.ma\/index.php?rest_route=%2Fwp%2Fv2%2Fcategories&post=24777"},{"taxonomy":"post_tag","embeddable":true,"href":"https:\/\/letempsmag.ma\/index.php?rest_route=%2Fwp%2Fv2%2Ftags&post=24777"}],"curies":[{"name":"wp","href":"https:\/\/api.w.org\/{rel}","templated":true}]}}