{"id":24753,"date":"2023-09-11T11:51:37","date_gmt":"2023-09-11T10:51:37","guid":{"rendered":"https:\/\/letempsmag.ma\/?p=24753"},"modified":"2023-09-11T11:51:38","modified_gmt":"2023-09-11T10:51:38","slug":"cristiano-ronaldo-adresse-un-message-de-solidarite-aux-victimes-au-maroc","status":"publish","type":"post","link":"https:\/\/letempsmag.ma\/?p=24753","title":{"rendered":"Cristiano Ronaldo adresse un message de solidarit\u00e9 aux victimes au Maroc"},"content":{"rendered":"\n<p>Le club saoudien Al-Nassr et son footballeur superstar portugais Cristiano Ronaldo ont partag\u00e9, hier dimanche, un message de soutien aux victimes du tremblement de terre marocain sur leur cha\u00eene Instagram. \u00abMes plus sinc\u00e8res condol\u00e9ances aux familles et amis de tous ceux qui ont perdu la vie lors du tremblement de terre au Maroc. J\u2019envoie de l\u2019amour et des pri\u00e8res \u00e0 tous au Maroc en cette p\u00e9riode tr\u00e8s difficile\u00bb, a d\u00e9clar\u00e9 Ronaldo dans une story Instagram.<\/p>\n","protected":false},"excerpt":{"rendered":"<p>Le club saoudien Al-Nassr et son footballeur superstar portugais Cristiano Ronaldo ont partag\u00e9, hier dimanche, un message de soutien aux victimes du tremblement de terre marocain sur leur cha\u00eene Instagram. \u00abMes plus sinc\u00e8res condol\u00e9ances aux familles et amis de tous ceux qui ont perdu la vie lors du tremblement de terre au Maroc. J\u2019envoie de &hellip;<\/p>\n","protected":false},"author":9,"featured_media":24754,"comment_status":"open","ping_status":"closed","sticky":false,"template":"","format":"standard","meta":{"footnotes":""},"categories":[1127],"tags":[],"class_list":["post-24753","post","type-post","status-publish","format-standard","has-post-thumbnail","hentry","category-soutien"],"_links":{"self":[{"href":"https:\/\/letempsmag.ma\/index.php?rest_route=\/wp\/v2\/posts\/24753","targetHints":{"allow":["GET"]}}],"collection":[{"href":"https:\/\/letempsmag.ma\/index.php?rest_route=\/wp\/v2\/posts"}],"about":[{"href":"https:\/\/letempsmag.ma\/index.php?rest_route=\/wp\/v2\/types\/post"}],"author":[{"embeddable":true,"href":"https:\/\/letempsmag.ma\/index.php?rest_route=\/wp\/v2\/users\/9"}],"replies":[{"embeddable":true,"href":"https:\/\/letempsmag.ma\/index.php?rest_route=%2Fwp%2Fv2%2Fcomments&post=24753"}],"version-history":[{"count":1,"href":"https:\/\/letempsmag.ma\/index.php?rest_route=\/wp\/v2\/posts\/24753\/revisions"}],"predecessor-version":[{"id":24755,"href":"https:\/\/letempsmag.ma\/index.php?rest_route=\/wp\/v2\/posts\/24753\/revisions\/24755"}],"wp:featuredmedia":[{"embeddable":true,"href":"https:\/\/letempsmag.ma\/index.php?rest_route=\/wp\/v2\/media\/24754"}],"wp:attachment":[{"href":"https:\/\/letempsmag.ma\/index.php?rest_route=%2Fwp%2Fv2%2Fmedia&parent=24753"}],"wp:term":[{"taxonomy":"category","embeddable":true,"href":"https:\/\/letempsmag.ma\/index.php?rest_route=%2Fwp%2Fv2%2Fcategories&post=24753"},{"taxonomy":"post_tag","embeddable":true,"href":"https:\/\/letempsmag.ma\/index.php?rest_route=%2Fwp%2Fv2%2Ftags&post=24753"}],"curies":[{"name":"wp","href":"https:\/\/api.w.org\/{rel}","templated":true}]}}