{"id":24714,"date":"2023-09-07T15:18:04","date_gmt":"2023-09-07T14:18:04","guid":{"rendered":"https:\/\/letempsmag.ma\/?p=24714"},"modified":"2023-09-07T15:19:09","modified_gmt":"2023-09-07T14:19:09","slug":"rentree-chargee-pour-le-conseil-superieur-de-leducation-de-la-formation-et-de-la-recherche-scientifique","status":"publish","type":"post","link":"https:\/\/letempsmag.ma\/?p=24714","title":{"rendered":"Rentr\u00e9e charg\u00e9e pour le Conseil Sup\u00e9rieur de l&#8217;\u00c9ducation, de la Formation et de la Recherche Scientifique"},"content":{"rendered":"\n<p>Le Conseil Sup\u00e9rieur de l&#8217;\u00c9ducation, de la Formation et de la Recherche Scientifique (CSEFRS) a tenu mardi dernier sa 15<sup>\u00e8me<\/sup> r\u00e9union, pr\u00e9sid\u00e9e par Habib El Malki. Elle a \u00e9t\u00e9 consacr\u00e9e \u00e0 l&#8217;examen de plusieurs points \u00e0 l&#8217;ordre du jour, dont l&#8217;examen de la m\u00e9thodologie de travail pour la mise en \u0153uvre de la strat\u00e9gie du Conseil au titre de la p\u00e9riode 2023-2027, adopt\u00e9e lors de sa deuxi\u00e8me session. Ont \u00e9galement \u00e9t\u00e9 pr\u00e9sent\u00e9s le projet du livre \u00abM\u00e9moire du Conseil\u00bb ainsi qu&#8217;un expos\u00e9 sur le projet d\u2019une \u00e9valuation externe des \u00ab\u00c9coles Pionni\u00e8res\u00bb que pr\u00e9voit de r\u00e9aliser l\u2019Instance Nationale d\u2019\u00c9valuation, relevant du Conseil.<\/p>\n\n\n\n<p>Selon un communiqu\u00e9 du CSEFRS, la strat\u00e9gie pour 2023-2027 d\u00e9finit les grands objectifs de son mandat actuel, lui permettant d&#8217;accomplir ses t\u00e2ches en phase avec les r\u00e9formes qui concernent le syst\u00e8me d&#8217;\u00e9ducation, de formation et de la recherche scientifique, et consacre la centralit\u00e9 de l&#8217;apprenant en le pla\u00e7ant au c\u0153ur de l&#8217;attention des diff\u00e9rents projets visant \u00e0 asseoir les fondements de la nouvelle \u00e9cole.<\/p>\n\n\n\n<p>Le Conseil examinera par ailleurs la r\u00e9alisation du projet \u00abM\u00e9moire du Conseil\u00bb, un ouvrage visant \u00e0 documenter le parcours du CSEFRS et mettre en exergue l\u2019\u00e9volution de sa mission et ses attributions, ainsi que le d\u00e9veloppement de ses publications et son mode de fonctionnement.<\/p>\n\n\n\n<p>Le communiqu\u00e9 indique \u00e9galement que, conform\u00e9ment \u00e0 ses attributions l\u00e9gales, notamment l\u2019article 2 qui conf\u00e8re au Conseil la mission de r\u00e9aliser des \u00e9valuations globales, sectorielles ou th\u00e9matiques des politiques et programmes publics dans les domaines de l\u2019\u00e9ducation, de la formation et de la recherche scientifique et d\u2019en publier les r\u00e9sultats, les membres du bureau ont approuv\u00e9 le lancement d\u2019une \u00e9valuation externe des \u00ab\u00c9coles Pionni\u00e8res\u00bb, confi\u00e9e \u00e0 l\u2019Instance Nationale d\u2019\u00c9valuation.<\/p>\n\n\n\n<p><strong>L. F.<\/strong><\/p>\n","protected":false},"excerpt":{"rendered":"<p>Le Conseil Sup\u00e9rieur de l&#8217;\u00c9ducation, de la Formation et de la Recherche Scientifique (CSEFRS) a tenu mardi dernier sa 15\u00e8me r\u00e9union, pr\u00e9sid\u00e9e par Habib El Malki. Elle a \u00e9t\u00e9 consacr\u00e9e \u00e0 l&#8217;examen de plusieurs points \u00e0 l&#8217;ordre du jour, dont l&#8217;examen de la m\u00e9thodologie de travail pour la mise en \u0153uvre de la strat\u00e9gie du &hellip;<\/p>\n","protected":false},"author":9,"featured_media":24715,"comment_status":"open","ping_status":"closed","sticky":false,"template":"","format":"standard","meta":{"footnotes":""},"categories":[85],"tags":[],"class_list":["post-24714","post","type-post","status-publish","format-standard","has-post-thumbnail","hentry","category-enseignement"],"_links":{"self":[{"href":"https:\/\/letempsmag.ma\/index.php?rest_route=\/wp\/v2\/posts\/24714","targetHints":{"allow":["GET"]}}],"collection":[{"href":"https:\/\/letempsmag.ma\/index.php?rest_route=\/wp\/v2\/posts"}],"about":[{"href":"https:\/\/letempsmag.ma\/index.php?rest_route=\/wp\/v2\/types\/post"}],"author":[{"embeddable":true,"href":"https:\/\/letempsmag.ma\/index.php?rest_route=\/wp\/v2\/users\/9"}],"replies":[{"embeddable":true,"href":"https:\/\/letempsmag.ma\/index.php?rest_route=%2Fwp%2Fv2%2Fcomments&post=24714"}],"version-history":[{"count":1,"href":"https:\/\/letempsmag.ma\/index.php?rest_route=\/wp\/v2\/posts\/24714\/revisions"}],"predecessor-version":[{"id":24716,"href":"https:\/\/letempsmag.ma\/index.php?rest_route=\/wp\/v2\/posts\/24714\/revisions\/24716"}],"wp:featuredmedia":[{"embeddable":true,"href":"https:\/\/letempsmag.ma\/index.php?rest_route=\/wp\/v2\/media\/24715"}],"wp:attachment":[{"href":"https:\/\/letempsmag.ma\/index.php?rest_route=%2Fwp%2Fv2%2Fmedia&parent=24714"}],"wp:term":[{"taxonomy":"category","embeddable":true,"href":"https:\/\/letempsmag.ma\/index.php?rest_route=%2Fwp%2Fv2%2Fcategories&post=24714"},{"taxonomy":"post_tag","embeddable":true,"href":"https:\/\/letempsmag.ma\/index.php?rest_route=%2Fwp%2Fv2%2Ftags&post=24714"}],"curies":[{"name":"wp","href":"https:\/\/api.w.org\/{rel}","templated":true}]}}