{"id":24702,"date":"2023-06-09T15:05:00","date_gmt":"2023-06-09T14:05:00","guid":{"rendered":"https:\/\/letempsmag.ma\/?p=24702"},"modified":"2023-09-07T15:14:08","modified_gmt":"2023-09-07T14:14:08","slug":"karim-tassi-cree-une-flamboyante-collection-sous-le-theme-ahoub","status":"publish","type":"post","link":"https:\/\/letempsmag.ma\/?p=24702","title":{"rendered":"Karim Tassi cr\u00e9e une flamboyante collection sous le th\u00e8me \u00abAhoub\u00bb"},"content":{"rendered":"\n<p><strong><em>Karim Tassi est assur\u00e9ment le styliste et fashion designer le plus talentueux de sa g\u00e9n\u00e9ration. On ne pr\u00e9sente \u00e9videmment plus cet artiste qui incarne le renouveau de l\u2019esth\u00e9tique et du design, d\u00e8s lors qu\u2019on parle de mode et de tendances. Cr\u00e9ateur de stature internationale, il s\u2019investit dans un renouvellement incessant pour tendre la femme plus belle et l\u2019homme plus \u00e9l\u00e9gant. Sa r\u00e9cente collection estivale est un bel hymne \u00e0 la beaut\u00e9.<\/em><\/strong><\/p>\n\n\n\n<p>Install\u00e9 \u00e0 Marrakech depuis une douzaine d\u2019ann\u00e9es, Karim Tassi vient de pr\u00e9senter sa nouvelle collection \u00c9t\u00e9 2023 sous th\u00e8me \u00abAhoub\u00bb (\u00abAmour\u00bb), lors du dernier Casa Fashion Show, organis\u00e9 en grande pompe au Sofitel Casablanca Tour Blanche. Une collection qui fait d\u00e9j\u00e0 un buzz exponentiel \u00e0 l\u2019approche de la saison estivale. Et pour cause&nbsp;!\u00abAhoub\u00bb est un festival de coloris tout feu tout flamme, en lien certes avec l\u2019Amour qui inspire toujours les pulsions humaines, mais \u00e9galement en lien avec l\u2019\u00e9tat d\u2019esprit permanent du fashion designer&nbsp;: un message d\u2019amour et un hommage \u00e0 la femme.<\/p>\n\n\n\n<p>Pour cette nouvelle collection, le cr\u00e9ateur a travaill\u00e9 avec beaucoup de mati\u00e8res brillantes, des paillettes, des satins luisants\u2026 Il a travaill\u00e9 aussi avec la pierre et la plume d\u2019autruche. Pantalons larges \u00e0 taille haute. Petits blousons et vestes courtes. Esprit Bol\u00e9ro. Chemises \u00e0 mousseline avec beaucoup de volants. Esprit Gitane chic. Un vent venu d\u2019Andalousie&#8230; Et comme toujours, les looks avec Karim Tassi finissent avec de tr\u00e8s \u00e9l\u00e9gants Selhams. Satin de soie et mousseline. Capuche Ovsersize. Esprit nomade. La maxi-jupe version Gitane s\u2019oppose \u00e0 la micro-jupe Disco, drap\u00e9e, paillet\u00e9e, orn\u00e9e de plumes. L\u2019association du rouge flamboyant et du rose fushia est un hommage \u00e0 Marrakech. Inspir\u00e9e entre autres des bougainvill\u00e9es de la cit\u00e9 ocre.<\/p>\n\n\n\n<p><strong><em>Clin d\u2019\u0153il pour le travail des m\u00e2allems<\/em><\/strong><\/p>\n\n\n\n<p>C\u2019est \u00e9videmment aussi un hommage \u00e0 Yves Saint-Laurent qui a tant cr\u00e9\u00e9 \u00e0 Marrakech\u00bb, confie le designer. Clin d\u2019\u0153il pour le travail des m\u00e2allems Sur la gen\u00e8se de son travail, il explique&nbsp;: \u00abDepuis 2006, chaque collection a son code de couleurs. Pendant la p\u00e9riode \u00abCorona\u00bb, qui a \u00e9t\u00e9 une parenth\u00e8se tr\u00e8s sp\u00e9ciale, j\u2019ai cr\u00e9\u00e9 une collection que j\u2019ai appel\u00e9e \u00abAbiad\u00bb (\u00abBlanc\u00bb), r\u00e9f\u00e9rence \u00e0 ce qui a \u00e9t\u00e9 pour moi une page blanche qui a dur\u00e9 deux ans. Mais c\u2019\u00e9tait deux ans de r\u00e9flexion et de travail intense pour jeter les pr\u00e9mices de ma collection \u00abDahab (\u00abOr\u00bb) l\u2019ann\u00e9e derni\u00e8re, et maintenant \u00abAhoub\u00bb, ma collection \u00c9t\u00e9 2023\u00bb. C\u2019est un signe de reconnaissance et une signature temporelle dans l\u2019\u0153uvre de cet embl\u00e9matique cr\u00e9ateur&nbsp;: \u00e0 chaque saison, correspond sa couleur&nbsp;! Dans cette nouvelle collection \u00c9t\u00e9 2023, Karim Tassi a beaucoup travaill\u00e9 sur des touches de broderie, initi\u00e9es par les m\u00e2allems de l\u2019Atelier Tassi. Toujours ce clin d\u2019\u0153il omnipr\u00e9sent pour l\u2019artisanat marocain.<\/p>\n\n\n\n<p>Dans une pr\u00e9c\u00e9dente interview publi\u00e9e dans le magazine LE TEMPS, ce passage tr\u00e8s r\u00e9v\u00e9lateur illustre l\u2019\u00e9tat d\u2019esprit de Karim Tassi&nbsp;: \u00abEn tant que cr\u00e9ateur qui travaille sur l\u2019esth\u00e9tique et la mode, je m\u2019investis deux fois plus longuement dans les collections pour femmes que dans les collections pour hommes. Quand on regarde les tendances du march\u00e9, on s\u2019aper\u00e7oit qu\u2019effectivement 70% des attentes concernent les femmes. D\u00e8s lors, il faut se renouveler sans cesse. \u00catre cr\u00e9ateur suppose un exercice de design qui englobe de vastes territoires de l\u2019esth\u00e9tique. Dans le temps, cela se limitait plus ou moins \u00e0 l\u2019architecture, \u00e0 la d\u00e9coration d\u2019int\u00e9rieur, \u00e0 l\u2019automobile\u2026 Aujourd\u2019hui, cet exercice s\u2019\u00e9tend \u00e0 des aspects encore plus quotidiens pour le cr\u00e9ateur. Il s\u2019agit par exemple de signer un parfum, des lunettes, une paire de chaussures tout comme on cr\u00e9e des mod\u00e8les de robe, de pantalon ou de manteau. La beaut\u00e9 n\u2019a pas de fronti\u00e8res et la femme est fortement demandeuse sur ce march\u00e9. C\u2019est pourquoi je suis pour une r\u00e9flexion r\u00e9ellement intense sur la mode f\u00e9minine et ses (r)\u00e9volutions au Maroc. De ce point de vue, la femme est l\u2019objet de mes tourments\u00bb.<\/p>\n\n\n\n<p><strong>H. E. <\/strong>(Photo&nbsp;: Studio Lorenzo Salemi).<\/p>\n","protected":false},"excerpt":{"rendered":"<p>Karim Tassi est assur\u00e9ment le styliste et fashion designer le plus talentueux de sa g\u00e9n\u00e9ration. On ne pr\u00e9sente \u00e9videmment plus cet artiste qui incarne le renouveau de l\u2019esth\u00e9tique et du design, d\u00e8s lors qu\u2019on parle de mode et de tendances. Cr\u00e9ateur de stature internationale, il s\u2019investit dans un renouvellement incessant pour tendre la femme plus &hellip;<\/p>\n","protected":false},"author":9,"featured_media":24703,"comment_status":"open","ping_status":"closed","sticky":false,"template":"","format":"standard","meta":{"footnotes":""},"categories":[1124],"tags":[],"class_list":["post-24702","post","type-post","status-publish","format-standard","has-post-thumbnail","hentry","category-design-haute-couture"],"_links":{"self":[{"href":"https:\/\/letempsmag.ma\/index.php?rest_route=\/wp\/v2\/posts\/24702","targetHints":{"allow":["GET"]}}],"collection":[{"href":"https:\/\/letempsmag.ma\/index.php?rest_route=\/wp\/v2\/posts"}],"about":[{"href":"https:\/\/letempsmag.ma\/index.php?rest_route=\/wp\/v2\/types\/post"}],"author":[{"embeddable":true,"href":"https:\/\/letempsmag.ma\/index.php?rest_route=\/wp\/v2\/users\/9"}],"replies":[{"embeddable":true,"href":"https:\/\/letempsmag.ma\/index.php?rest_route=%2Fwp%2Fv2%2Fcomments&post=24702"}],"version-history":[{"count":1,"href":"https:\/\/letempsmag.ma\/index.php?rest_route=\/wp\/v2\/posts\/24702\/revisions"}],"predecessor-version":[{"id":24704,"href":"https:\/\/letempsmag.ma\/index.php?rest_route=\/wp\/v2\/posts\/24702\/revisions\/24704"}],"wp:featuredmedia":[{"embeddable":true,"href":"https:\/\/letempsmag.ma\/index.php?rest_route=\/wp\/v2\/media\/24703"}],"wp:attachment":[{"href":"https:\/\/letempsmag.ma\/index.php?rest_route=%2Fwp%2Fv2%2Fmedia&parent=24702"}],"wp:term":[{"taxonomy":"category","embeddable":true,"href":"https:\/\/letempsmag.ma\/index.php?rest_route=%2Fwp%2Fv2%2Fcategories&post=24702"},{"taxonomy":"post_tag","embeddable":true,"href":"https:\/\/letempsmag.ma\/index.php?rest_route=%2Fwp%2Fv2%2Ftags&post=24702"}],"curies":[{"name":"wp","href":"https:\/\/api.w.org\/{rel}","templated":true}]}}