{"id":24672,"date":"2023-09-06T11:57:03","date_gmt":"2023-09-06T10:57:03","guid":{"rendered":"https:\/\/letempsmag.ma\/?p=24672"},"modified":"2023-09-06T11:57:04","modified_gmt":"2023-09-06T10:57:04","slug":"mounia-wafi-ou-les-geographies-de-lame","status":"publish","type":"post","link":"https:\/\/letempsmag.ma\/?p=24672","title":{"rendered":"Mounia Wafi ou les g\u00e9ographies de l\u2019\u00e2me"},"content":{"rendered":"\n<p><strong><em>L\u2019artiste Mounia Wafi expose ses toiles dans le cadre de l\u2019exposition collective \u00abPeintures intimes\u00bb, \u00e0 la galerie Living 4 Art \u00e0 Casablanca, du 9 septembre au 7 octobre prochains. Un voyage dans les g\u00e9ographies de l\u2019\u00e2me avec cette cr\u00e9atrice talentueuse.<\/em><\/strong><\/p>\n\n\n\n<p>Certains viennent \u00e0 la peinture par mim\u00e9tisme. Certains y trouvent une th\u00e9rapie. D\u2019autres y vivent une renaissance. C\u2019est le cas de Mounia Wafi, une artiste plasticienne autodidacte qui s\u2019est appliqu\u00e9e \u00e0 apprendre en travaillant passant d\u2019une d\u00e9couverte \u00e0 l\u2019autre, au contact du papier, de la toile, des couleurs et des mati\u00e8res.<\/p>\n\n\n\n<p>Sa passion pour les couleurs et les formes l\u2019accompagne depuis l\u2019enfance, avec toujours ce d\u00e9sir imp\u00e9rieux de dessiner, de donner corps \u00e0 des formes et de vouloir s\u2019exprimer par le prisme chromatique comme un second langage. Apprenant avec patience le dur m\u00e9tier de cr\u00e9er en travaillant avec assiduit\u00e9 et discipline, Mounia Wafi n\u2019h\u00e9site pas \u00e0 explorer des strates enfouies de son imaginaire \u00e0 travers des lignes, des courbes et des formes. Elle y met une part indivisible de ses sentiments, comme dans une volont\u00e9 de dire l\u2019indicible tout en le drapant du voile de la couleur: \u00abJe ne sais pas th\u00e9oriser sur ce que je peins. Par contre, je peux vous dire que je vais \u00e0 l\u2019instinct. Je d\u00e9couvre et je me d\u00e9couvre \u00e0 travers ce qui prend forme sur la toile. C\u2019est pour moi une exp\u00e9rience unique \u00e0 la fois stimulante et puissante. Elle exige de la sinc\u00e9rit\u00e9 et un d\u00e9tachement complet de tout ce qui peut freiner l\u2019expression libre de ce que je ressens\u00bb, confie l\u2019artiste.&nbsp;<\/p>\n\n\n\n<p>Ce travail est sous-tendu par des couleurs fortes, entre bleu, rouge, vert et noir. Des couleurs brutes qui trouvent en elles-m\u00eames leur propre cheminement pour constituer des ensembles h\u00e9t\u00e9rog\u00e8nes o\u00f9 le sens r\u00e9side dans l\u2019expression d\u00e9clin\u00e9e en formes. Cet univers est disparate allant du plus simple au plus complexe, avec une profonde inclination pour l\u2019incarnation corporelle, exprimant ainsi des interrogations sur soi et sur le monde, sans chercher des r\u00e9ponses ni vouloir rendre clair ce qui est obscur. Ce travail au plus pr\u00e8s des sens met en lumi\u00e8re le non-dit et le d\u00e9cline en lignes sinueuses comme dans cette s\u00e9rie des arbres de vie, qui narre la naissance, les trajectoires de la vie et l\u2019infini de l\u2019esprit humain. C\u2019est l\u00e0, toute une approche picturale int\u00e9rioris\u00e9e qui tente d\u2019aller \u00e0 l\u2019essentiel en restant au plus pr\u00e8s de l\u2019instinct et de la force de l\u2019intuition.<\/p>\n\n\n\n<p><strong>ABDELHAK NAJIB<\/strong><\/p>\n","protected":false},"excerpt":{"rendered":"<p>L\u2019artiste Mounia Wafi expose ses toiles dans le cadre de l\u2019exposition collective \u00abPeintures intimes\u00bb, \u00e0 la galerie Living 4 Art \u00e0 Casablanca, du 9 septembre au 7 octobre prochains. Un voyage dans les g\u00e9ographies de l\u2019\u00e2me avec cette cr\u00e9atrice talentueuse. Certains viennent \u00e0 la peinture par mim\u00e9tisme. Certains y trouvent une th\u00e9rapie. D\u2019autres y vivent &hellip;<\/p>\n","protected":false},"author":9,"featured_media":24673,"comment_status":"open","ping_status":"closed","sticky":false,"template":"","format":"standard","meta":{"footnotes":""},"categories":[341],"tags":[],"class_list":["post-24672","post","type-post","status-publish","format-standard","has-post-thumbnail","hentry","category-exposition"],"_links":{"self":[{"href":"https:\/\/letempsmag.ma\/index.php?rest_route=\/wp\/v2\/posts\/24672","targetHints":{"allow":["GET"]}}],"collection":[{"href":"https:\/\/letempsmag.ma\/index.php?rest_route=\/wp\/v2\/posts"}],"about":[{"href":"https:\/\/letempsmag.ma\/index.php?rest_route=\/wp\/v2\/types\/post"}],"author":[{"embeddable":true,"href":"https:\/\/letempsmag.ma\/index.php?rest_route=\/wp\/v2\/users\/9"}],"replies":[{"embeddable":true,"href":"https:\/\/letempsmag.ma\/index.php?rest_route=%2Fwp%2Fv2%2Fcomments&post=24672"}],"version-history":[{"count":1,"href":"https:\/\/letempsmag.ma\/index.php?rest_route=\/wp\/v2\/posts\/24672\/revisions"}],"predecessor-version":[{"id":24674,"href":"https:\/\/letempsmag.ma\/index.php?rest_route=\/wp\/v2\/posts\/24672\/revisions\/24674"}],"wp:featuredmedia":[{"embeddable":true,"href":"https:\/\/letempsmag.ma\/index.php?rest_route=\/wp\/v2\/media\/24673"}],"wp:attachment":[{"href":"https:\/\/letempsmag.ma\/index.php?rest_route=%2Fwp%2Fv2%2Fmedia&parent=24672"}],"wp:term":[{"taxonomy":"category","embeddable":true,"href":"https:\/\/letempsmag.ma\/index.php?rest_route=%2Fwp%2Fv2%2Fcategories&post=24672"},{"taxonomy":"post_tag","embeddable":true,"href":"https:\/\/letempsmag.ma\/index.php?rest_route=%2Fwp%2Fv2%2Ftags&post=24672"}],"curies":[{"name":"wp","href":"https:\/\/api.w.org\/{rel}","templated":true}]}}