{"id":24596,"date":"2023-09-04T13:12:34","date_gmt":"2023-09-04T12:12:34","guid":{"rendered":"https:\/\/letempsmag.ma\/?p=24596"},"modified":"2023-09-04T13:12:35","modified_gmt":"2023-09-04T12:12:35","slug":"le-gouvernement-approuve-un-projet-de-loi-relatif-au-regime-des-pensions","status":"publish","type":"post","link":"https:\/\/letempsmag.ma\/?p=24596","title":{"rendered":"Le gouvernement approuve un projet de loi relatif au r\u00e9gime des pensions"},"content":{"rendered":"\n<p>Le Conseil de gouvernement, r\u00e9uni jeudi dernier sous la pr\u00e9sidence d\u2019Aziz Akhannouch, a approuv\u00e9 le projet de loi \u00ab47.23\u00bb modifiant et compl\u00e9tant la loi \u00ab99.15\u00bb instituant un r\u00e9gime de pensions pour les cat\u00e9gories des professionnels, des travailleurs ind\u00e9pendants et des personnes non salari\u00e9es exer\u00e7ant une activit\u00e9 lib\u00e9rale.<\/p>\n\n\n\n<p>Pr\u00e9sent\u00e9 par le minist\u00e8re de la Sant\u00e9 et de la Protection sociale, ce projet de loi vise \u00e0 modifier et \u00e0 compl\u00e9ter la loi \u00ab99.15\u00bb instituant un r\u00e9gime de pensions pour les cat\u00e9gories des professionnels, des travailleurs ind\u00e9pendants et des personnes non salari\u00e9es exer\u00e7ant une activit\u00e9 lib\u00e9rale, objet du Dahir \u00ab1.17.109\u00bb du 16 Rabii I 1439 de l\u2019H\u00e9gire (5 d\u00e9cembre 2017), indique le Ministre d\u00e9l\u00e9gu\u00e9 aupr\u00e8s du Chef du gouvernement, charg\u00e9 des relations avec le Parlement et porte-parole du gouvernement, Mustapha Baitas, lors d\u2019un point de presse tenu \u00e0 l\u2019issue du Conseil.<\/p>\n\n\n\n<p>Le projet comprend des dispositions visant \u00e0 modifier les dispositions de l\u2019Article 2 de la loi \u00ab98.15\u00bb, en vue de donner notamment la priorit\u00e9 au crit\u00e8re de classement des personnes selon les dispositions des textes l\u00e9gislatifs et r\u00e9glementaires en vigueur, au d\u00e9triment de la norme des activit\u00e9s et professions exerc\u00e9es, si la personne concern\u00e9e est class\u00e9e selon les professions ou activit\u00e9s qu\u2019elle exerce et est class\u00e9e en m\u00eame temps selon un autre crit\u00e8re approuv\u00e9 sur la base des dispositions des textes l\u00e9gislatifs et r\u00e9glementaires en vigueur, a expliqu\u00e9 le ministre.<\/p>\n\n\n\n<p>Le projet d\u00e9termine \u00e9galement la cotisation de l\u2019assur\u00e9 en fonction du plus haut revenu forfaitaire ou du montant de la cotisation la plus \u00e9lev\u00e9e si l\u2019int\u00e9ress\u00e9 est class\u00e9 dans plus d\u2019une cat\u00e9gorie, dans une sous-cat\u00e9gorie ou dans un groupe de cat\u00e9gories selon les professions et les activit\u00e9s qu\u2019il exerce, pr\u00e9cise Mustapha Baitas.<\/p>\n\n\n\n<p><strong>Y. E. H.<\/strong><\/p>\n","protected":false},"excerpt":{"rendered":"<p>Le Conseil de gouvernement, r\u00e9uni jeudi dernier sous la pr\u00e9sidence d\u2019Aziz Akhannouch, a approuv\u00e9 le projet de loi \u00ab47.23\u00bb modifiant et compl\u00e9tant la loi \u00ab99.15\u00bb instituant un r\u00e9gime de pensions pour les cat\u00e9gories des professionnels, des travailleurs ind\u00e9pendants et des personnes non salari\u00e9es exer\u00e7ant une activit\u00e9 lib\u00e9rale. Pr\u00e9sent\u00e9 par le minist\u00e8re de la Sant\u00e9 et &hellip;<\/p>\n","protected":false},"author":9,"featured_media":24597,"comment_status":"open","ping_status":"closed","sticky":false,"template":"","format":"standard","meta":{"footnotes":""},"categories":[202],"tags":[],"class_list":["post-24596","post","type-post","status-publish","format-standard","has-post-thumbnail","hentry","category-retraites"],"_links":{"self":[{"href":"https:\/\/letempsmag.ma\/index.php?rest_route=\/wp\/v2\/posts\/24596","targetHints":{"allow":["GET"]}}],"collection":[{"href":"https:\/\/letempsmag.ma\/index.php?rest_route=\/wp\/v2\/posts"}],"about":[{"href":"https:\/\/letempsmag.ma\/index.php?rest_route=\/wp\/v2\/types\/post"}],"author":[{"embeddable":true,"href":"https:\/\/letempsmag.ma\/index.php?rest_route=\/wp\/v2\/users\/9"}],"replies":[{"embeddable":true,"href":"https:\/\/letempsmag.ma\/index.php?rest_route=%2Fwp%2Fv2%2Fcomments&post=24596"}],"version-history":[{"count":1,"href":"https:\/\/letempsmag.ma\/index.php?rest_route=\/wp\/v2\/posts\/24596\/revisions"}],"predecessor-version":[{"id":24598,"href":"https:\/\/letempsmag.ma\/index.php?rest_route=\/wp\/v2\/posts\/24596\/revisions\/24598"}],"wp:featuredmedia":[{"embeddable":true,"href":"https:\/\/letempsmag.ma\/index.php?rest_route=\/wp\/v2\/media\/24597"}],"wp:attachment":[{"href":"https:\/\/letempsmag.ma\/index.php?rest_route=%2Fwp%2Fv2%2Fmedia&parent=24596"}],"wp:term":[{"taxonomy":"category","embeddable":true,"href":"https:\/\/letempsmag.ma\/index.php?rest_route=%2Fwp%2Fv2%2Fcategories&post=24596"},{"taxonomy":"post_tag","embeddable":true,"href":"https:\/\/letempsmag.ma\/index.php?rest_route=%2Fwp%2Fv2%2Ftags&post=24596"}],"curies":[{"name":"wp","href":"https:\/\/api.w.org\/{rel}","templated":true}]}}