{"id":2444,"date":"2021-04-23T10:25:26","date_gmt":"2021-04-23T10:25:26","guid":{"rendered":"https:\/\/letempsmag.ma\/?p=2444"},"modified":"2021-04-23T10:25:27","modified_gmt":"2021-04-23T10:25:27","slug":"loperateur-historique-compte-plus-de-73-millions-de-clients-au-1er-trimestre-2021","status":"publish","type":"post","link":"https:\/\/letempsmag.ma\/?p=2444","title":{"rendered":"L\u2019op\u00e9rateur historique compte plus de 73 millions de clients au 1er trimestre 2021"},"content":{"rendered":"\n<p>Maroc Telecom vient de communiquer sur son activit\u00e9 au titre du premier trimestre 2021. Dans un communiqu\u00e9 diffus\u00e9 ce matin aux m\u00e9dias, l\u2019on apprend que l\u2019op\u00e9rateur historique enregistre une hausse de sa base clients de 6,8%, atteignant d\u00e9sormais plus de 73 millions de clients. Il maintient par ailleurs sa profitabilit\u00e9 avec une marge d\u2019EBITDA (b\u00e9n\u00e9fices avant imp\u00f4ts) ajust\u00e9 du groupe \u00e0 51,2%. La croissance de la Data Mobile se situe \u00e0 +15,8% et celle des services Mobile Money \u00e0 +21,9% dans les filiales sur le continent f\u00e9d\u00e9r\u00e9es sous la marque \u00abMoov Africa\u00bb. Pour sa part, la croissance de la Data Fixe au Maroc est de +11,9%.<\/p>\n\n\n\n<p>\u00c0 l\u2019occasion de la publication des r\u00e9sultats trimestriels, le pr\u00e9sident du Directoire de l\u2019op\u00e9rateur, Abdeslam Ahizoune, d\u00e9clare que \u00abdans un contexte toujours marqu\u00e9 par la crise sanitaire li\u00e9e au \u00abCovid-19\u00bb, le groupe Maroc Telecom termine le premier trimestre avec des r\u00e9sultats op\u00e9rationnels tir\u00e9s par ses actifs \u00e0 l\u2019international. Sa strat\u00e9gie de diversification fait \u00e0 nouveau ses preuves et am\u00e9liore sa r\u00e9silience dans ce contexte de crise. Le groupe poursuit son plan d\u2019\u00e9conomie, parvient \u00e0 maintenir sa profitabilit\u00e9 et oriente ses investissements vers le renforcement des r\u00e9seaux, des infrastructures et l\u2019am\u00e9lioration de la qualit\u00e9 de service. Le caract\u00e8re aujourd\u2019hui encore incertain de cette crise quant \u00e0 sa dur\u00e9e et son ampleur sur l\u2019\u00e9conomie, incite le groupe \u00e0 rester vigilant et enti\u00e8rement mobilis\u00e9 pour la surmonter\u00bb.<\/p>\n","protected":false},"excerpt":{"rendered":"<p>Maroc Telecom vient de communiquer sur son activit\u00e9 au titre du premier trimestre 2021. Dans un communiqu\u00e9 diffus\u00e9 ce matin aux m\u00e9dias, l\u2019on apprend que l\u2019op\u00e9rateur historique enregistre une hausse de sa base clients de 6,8%, atteignant d\u00e9sormais plus de 73 millions de clients. Il maintient par ailleurs sa profitabilit\u00e9 avec une marge d\u2019EBITDA (b\u00e9n\u00e9fices &hellip;<\/p>\n","protected":false},"author":9,"featured_media":2446,"comment_status":"open","ping_status":"closed","sticky":false,"template":"","format":"standard","meta":{"footnotes":""},"categories":[160],"tags":[],"class_list":["post-2444","post","type-post","status-publish","format-standard","has-post-thumbnail","hentry","category-telecoms-2"],"_links":{"self":[{"href":"https:\/\/letempsmag.ma\/index.php?rest_route=\/wp\/v2\/posts\/2444","targetHints":{"allow":["GET"]}}],"collection":[{"href":"https:\/\/letempsmag.ma\/index.php?rest_route=\/wp\/v2\/posts"}],"about":[{"href":"https:\/\/letempsmag.ma\/index.php?rest_route=\/wp\/v2\/types\/post"}],"author":[{"embeddable":true,"href":"https:\/\/letempsmag.ma\/index.php?rest_route=\/wp\/v2\/users\/9"}],"replies":[{"embeddable":true,"href":"https:\/\/letempsmag.ma\/index.php?rest_route=%2Fwp%2Fv2%2Fcomments&post=2444"}],"version-history":[{"count":1,"href":"https:\/\/letempsmag.ma\/index.php?rest_route=\/wp\/v2\/posts\/2444\/revisions"}],"predecessor-version":[{"id":2447,"href":"https:\/\/letempsmag.ma\/index.php?rest_route=\/wp\/v2\/posts\/2444\/revisions\/2447"}],"wp:featuredmedia":[{"embeddable":true,"href":"https:\/\/letempsmag.ma\/index.php?rest_route=\/wp\/v2\/media\/2446"}],"wp:attachment":[{"href":"https:\/\/letempsmag.ma\/index.php?rest_route=%2Fwp%2Fv2%2Fmedia&parent=2444"}],"wp:term":[{"taxonomy":"category","embeddable":true,"href":"https:\/\/letempsmag.ma\/index.php?rest_route=%2Fwp%2Fv2%2Fcategories&post=2444"},{"taxonomy":"post_tag","embeddable":true,"href":"https:\/\/letempsmag.ma\/index.php?rest_route=%2Fwp%2Fv2%2Ftags&post=2444"}],"curies":[{"name":"wp","href":"https:\/\/api.w.org\/{rel}","templated":true}]}}