{"id":2439,"date":"2021-04-23T10:23:32","date_gmt":"2021-04-23T10:23:32","guid":{"rendered":"https:\/\/letempsmag.ma\/?p=2439"},"modified":"2021-04-23T10:23:33","modified_gmt":"2021-04-23T10:23:33","slug":"un-mois-triste-pour-les-cafetiers-et-les-restaurateurs","status":"publish","type":"post","link":"https:\/\/letempsmag.ma\/?p=2439","title":{"rendered":"Un mois triste pour les cafetiers et les restaurateurs !"},"content":{"rendered":"\n<p><strong><em>Depuis l\u2019av\u00e8nement du Ramadan, les cafetiers et restaurateurs, contraints de fermer leurs portes suite \u00e0 la mise en place du couvre-feu nocturne au Maroc, semblent sombrer davantage dans le cercle vicieux d\u2019une crise asphyxiante. Serait-ce un mois \u00e0 oublier pour ce secteur qui est l\u2019un des plus foudroy\u00e9s par la crise du \u00abCovid-19\u00bb&nbsp;?<\/em><\/strong><\/p>\n\n\n\n<p><strong>Par Hicham Laroui (MAP).<\/strong><\/p>\n\n\n\n<p>L\u2019effet aussi bien mat\u00e9riel que moral de cette situation a commenc\u00e9 \u00e0 se faire sentir d\u00e8s les premiers jours du Ramadan. Des terrasses et espaces d\u00e9sert\u00e9s, des chaises rang\u00e9es les unes sur les autres et des machines en arr\u00eat\u2026 Telle est l\u2019image des diff\u00e9rents caf\u00e9s, restaurants et snacks dans les boulevards et rues de la m\u00e9tropole \u00e9conomique du Royaume. D\u2019ailleurs et comme l\u2019affirment des patrons et professionnels de ce secteur, cet arr\u00eat de l\u2019activit\u00e9 sur l\u2019ensemble du mois p\u00e8serait lourdement sur le chiffre d\u2019affaires annuel au titre de 2021, ainsi que sur la sant\u00e9 financi\u00e8re des entreprises du secteur qui voient leurs endettements et engagements s\u2019accumuler.<\/p>\n\n\n\n<p>D\u2019apr\u00e8s Mohamed Abdelfadel, Secr\u00e9taire G\u00e9n\u00e9ral National de la F\u00e9d\u00e9ration Marocaine des Caf\u00e9s et de la Restauration Rapide et Coordinateur de la Commission Mixte des M\u00e9tiers de Bouche (CMMB), cette d\u00e9cision d\u2019interdiction des d\u00e9placements nocturnes \u00e0 l\u2019\u00e9chelle nationale vient compliquer les choses pour les patrons, professionnels et employ\u00e9s des caf\u00e9s et restaurants. Une fermeture qui pourrait causer une baisse entre 10% et 15% du chiffre d\u2019affaires annuel au titre de 2021, a-t-il r\u00e9v\u00e9l\u00e9 dans une d\u00e9claration \u00e0 la MAP, mettant en avant les multiples charges que les op\u00e9rateurs de ce secteur vont supporter durant ce mois, malgr\u00e9 cet arr\u00eat. Il s\u2019agit entre autres des loyers, des dettes, des engagements bancaires, de la masse salariale et des cotisations dues \u00e0 la Caisse Nationale de S\u00e9curit\u00e9 Sociale (CNSS).<\/p>\n\n\n\n<p><strong><em>Faire la part des choses<\/em><\/strong><\/p>\n\n\n\n<p><em>\u00abFace \u00e0 cette situation, nous ne pouvons que lancer un nouvel appel au gouvernement pour revoir cette d\u00e9cision de fermeture et prendre en consid\u00e9ration le fait que dans le secteur de la restauration, il existe des services qui peuvent \u00eatre assur\u00e9s dans le strict respect des mesures de protection contre le \u00abCovid-19\u00bb, \u00e0 l\u2019image notamment de la livraison \u00e0 domicile\u00bb<\/em>, a d\u00e9clar\u00e9 Mohamed Abdelfadel.<\/p>\n\n\n\n<p>Le responsable rappelle qu\u2019il y a plusieurs mesures qui peuvent att\u00e9nuer l\u2019impact de cette d\u00e9cision. Il est question notamment du report des cr\u00e9dits et engagements bancaires pour les mois d\u2019avril, mai et juin pour les patrons et propri\u00e9taires des caf\u00e9s et restaurants et de l\u2019exon\u00e9ration formelle de la taxe d\u2019occupation du domaine public durant cette p\u00e9riode du couvre-feu. <em>\u00abNous appelons \u00e9galement \u00e0 la d\u00e9duction de la taxe professionnelle et de services communaux de la p\u00e9riode de fermeture de l\u2019exercice 2021\u00bb<\/em>, ajout-t-il en d\u00e9plorant le fait que durant 2020, cette taxe a \u00e9t\u00e9 appliqu\u00e9e sur l\u2019ensemble de l\u2019ann\u00e9e alors que l\u2019activit\u00e9 a connu un arr\u00eat de plus de 110 jours&nbsp;! Il a \u00e9galement soulign\u00e9 l\u2019importance d\u2019instaurer un m\u00e9canisme de financement qui garantit aux entreprises et professionnels de pr\u00e9server leurs investissements et de pouvoir reprendre leur activit\u00e9 apr\u00e8s le mois de Ramadan.<\/p>\n\n\n\n<p>Pour les employ\u00e9s, Mohamed Abdelfadel pr\u00e9conise la mise en place d\u2019un m\u00e9canisme d\u2019indemnisation sur la perte d\u2019emploi pour le mois du Ramadan, ainsi que le report du remboursement des \u00e9ch\u00e9ances des cr\u00e9dits bancaires immobiliers, en particulier pour le logement social, et de consommation pour une dur\u00e9e de trois mois. Et de conclure&nbsp;: <em>\u00abcompte tenu de la situation actuelle, nous tirons encore la sonnette d\u2019alarme sur le fait qu\u2019il y aura, apr\u00e8s cette p\u00e9riode du mois sacr\u00e9, de nouvelles fermetures dans notre secteur, lesquelles pourraient \u00eatre accompagn\u00e9es par des pertes importantes d\u2019emplois\u00bb<\/em>.<\/p>\n\n\n\n<p><strong><em>Des branches d\u2019activit\u00e9s sinistr\u00e9es<\/em><\/strong><\/p>\n\n\n\n<p>Le Comit\u00e9 de Veille \u00c9conomique avait, rappelons-le, annonc\u00e9 le prolongement jusqu\u2019au 30 juin prochain des mesures de soutien li\u00e9es aux huit contrats-programmes sign\u00e9s en janvier dernier, en faveur de certaines branches d\u2019activit\u00e9s vuln\u00e9rables&nbsp;: tourisme, restauration, activit\u00e9s des traiteurs, prestataires \u00e9v\u00e9nementiels, parcs d\u2019attraction et de jeux, cr\u00e8ches, salles de sport priv\u00e9es, presse, industries culturelles et cr\u00e9atives&#8230; Venues aider \u00e0 faire face \u00e0 la persistance des effets n\u00e9gatifs occasionn\u00e9s par la crise sanitaire, ces mesures concernent environ 102.000 salari\u00e9s et sont financ\u00e9es sur le Fonds sp\u00e9cial pour la gestion du \u00abCovid-19\u00bb. Elles portent sur les indemnit\u00e9s, les allocations familiales ainsi que l\u2019Assurance Maladie Obligatoire (AMO) au profit des salari\u00e9s relevant de ces secteurs.<\/p>\n","protected":false},"excerpt":{"rendered":"<p>Depuis l\u2019av\u00e8nement du Ramadan, les cafetiers et restaurateurs, contraints de fermer leurs portes suite \u00e0 la mise en place du couvre-feu nocturne au Maroc, semblent sombrer davantage dans le cercle vicieux d\u2019une crise asphyxiante. Serait-ce un mois \u00e0 oublier pour ce secteur qui est l\u2019un des plus foudroy\u00e9s par la crise du \u00abCovid-19\u00bb&nbsp;? Par Hicham &hellip;<\/p>\n","protected":false},"author":9,"featured_media":2440,"comment_status":"open","ping_status":"closed","sticky":false,"template":"","format":"standard","meta":{"footnotes":""},"categories":[95],"tags":[],"class_list":["post-2439","post","type-post","status-publish","format-standard","has-post-thumbnail","hentry","category-ramadan"],"_links":{"self":[{"href":"https:\/\/letempsmag.ma\/index.php?rest_route=\/wp\/v2\/posts\/2439","targetHints":{"allow":["GET"]}}],"collection":[{"href":"https:\/\/letempsmag.ma\/index.php?rest_route=\/wp\/v2\/posts"}],"about":[{"href":"https:\/\/letempsmag.ma\/index.php?rest_route=\/wp\/v2\/types\/post"}],"author":[{"embeddable":true,"href":"https:\/\/letempsmag.ma\/index.php?rest_route=\/wp\/v2\/users\/9"}],"replies":[{"embeddable":true,"href":"https:\/\/letempsmag.ma\/index.php?rest_route=%2Fwp%2Fv2%2Fcomments&post=2439"}],"version-history":[{"count":1,"href":"https:\/\/letempsmag.ma\/index.php?rest_route=\/wp\/v2\/posts\/2439\/revisions"}],"predecessor-version":[{"id":2441,"href":"https:\/\/letempsmag.ma\/index.php?rest_route=\/wp\/v2\/posts\/2439\/revisions\/2441"}],"wp:featuredmedia":[{"embeddable":true,"href":"https:\/\/letempsmag.ma\/index.php?rest_route=\/wp\/v2\/media\/2440"}],"wp:attachment":[{"href":"https:\/\/letempsmag.ma\/index.php?rest_route=%2Fwp%2Fv2%2Fmedia&parent=2439"}],"wp:term":[{"taxonomy":"category","embeddable":true,"href":"https:\/\/letempsmag.ma\/index.php?rest_route=%2Fwp%2Fv2%2Fcategories&post=2439"},{"taxonomy":"post_tag","embeddable":true,"href":"https:\/\/letempsmag.ma\/index.php?rest_route=%2Fwp%2Fv2%2Ftags&post=2439"}],"curies":[{"name":"wp","href":"https:\/\/api.w.org\/{rel}","templated":true}]}}