{"id":24377,"date":"2023-08-22T08:46:05","date_gmt":"2023-08-22T07:46:05","guid":{"rendered":"https:\/\/letempsmag.ma\/?p=24377"},"modified":"2023-08-22T08:47:43","modified_gmt":"2023-08-22T07:47:43","slug":"__trashed-5","status":"publish","type":"post","link":"https:\/\/letempsmag.ma\/?p=24377","title":{"rendered":"Un Marocain remporte au S\u00e9n\u00e9gal le Grand Prix International pour le Saint Coran"},"content":{"rendered":"\n<p>Le Marocain Hamza Sabou a remport\u00e9 hier lundi, le Grand Prix International Cheikh Ahmadou Bamba pour le Saint Coran, dans sa deuxi\u00e8me \u00e9dition, dans la cat\u00e9gorie M\u00e9morisation enti\u00e8re du Coran avec l\u2019intonation et l\u2019interpr\u00e9tation. La c\u00e9r\u00e9monie de remise des Prix aux laur\u00e9ats s\u2019est d\u00e9roul\u00e9e dans la ville religieuse de Touba (centre du S\u00e9n\u00e9gal).<\/p>\n\n\n\n<p>Le r\u00e9citateur Hamza Sabou a remport\u00e9 le grand Prix de la deuxi\u00e8me \u00e9dition (10.000 dollars) dans la cat\u00e9gorie M\u00e9morisation enti\u00e8re du Coran avec l\u2019intonation et l\u2019interpr\u00e9tation, tandis que le S\u00e9n\u00e9galais Khadim Ndiaye a \u00e9t\u00e9 class\u00e9 deuxi\u00e8me et le Turc Mohamed Hizane a occup\u00e9 la troisi\u00e8me place.<\/p>\n\n\n\n<p>Dans la cat\u00e9gorie M\u00e9morisation enti\u00e8re du Coran avec l\u2019intonation, les Prix ont \u00e9t\u00e9 d\u00e9cern\u00e9s aux S\u00e9n\u00e9galais Mustapha Ndjeng, Baye Saleh Ndiaye et Gelle Geyue. En ce qui concerne la cat\u00e9gorie M\u00e9morisation des dix derniers chapitres (juzz) du Coran, les Prix sont revenus aux S\u00e9n\u00e9galais Abdou Al Ahad Niang, Serge Moudkebir, et El Hadj Bara Mback\u00e9.<\/p>\n\n\n\n<p>Cette deuxi\u00e8me \u00e9dition a eu pour objectifs de renforcer les r\u00f4les des \u00e9coles coraniques de formation de la jeunesse musulmane, d\u2019am\u00e9liorer les programmes des \u00e9coles coraniques, de renforcer les capacit\u00e9s d\u2019enseignement et d\u2019\u00e9ducation, et de profiter des derni\u00e8res didactiques, moyens et m\u00e9thodes p\u00e9dagogiques, tout en pr\u00e9servant l\u2019originalit\u00e9 desdites \u00e9coles et leur identit\u00e9. Il s\u2019agit \u00e9galement de consolider les liens entre les foyers religieux et les centres islamiques, avec l\u2019extension du cercle de la comp\u00e9tition d\u2019une mani\u00e8re plus inclusive autour du saint Coran et de r\u00e9compenser les qualifications et les capacit\u00e9s nationales et internationales distingu\u00e9es dans la m\u00e9morisation du Saint Coran.<\/p>\n\n\n\n<p>Plus de 30 candidats repr\u00e9sentant plusieurs pays dont le S\u00e9n\u00e9gal, le Maroc et la Turquie ont particip\u00e9 \u00e0 cette deuxi\u00e8me \u00e9dition du Grand Prix International Cheikh Ahmadou Bamba pour le Saint Coran.<\/p>\n\n\n\n<p>Source&nbsp;: MAP<\/p>\n","protected":false},"excerpt":{"rendered":"<p>Le Marocain Hamza Sabou a remport\u00e9 hier lundi, le Grand Prix International Cheikh Ahmadou Bamba pour le Saint Coran, dans sa deuxi\u00e8me \u00e9dition, dans la cat\u00e9gorie M\u00e9morisation enti\u00e8re du Coran avec l\u2019intonation et l\u2019interpr\u00e9tation. La c\u00e9r\u00e9monie de remise des Prix aux laur\u00e9ats s\u2019est d\u00e9roul\u00e9e dans la ville religieuse de Touba (centre du S\u00e9n\u00e9gal). Le r\u00e9citateur &hellip;<\/p>\n","protected":false},"author":9,"featured_media":24379,"comment_status":"open","ping_status":"closed","sticky":false,"template":"","format":"standard","meta":{"footnotes":""},"categories":[257],"tags":[],"class_list":["post-24377","post","type-post","status-publish","format-standard","has-post-thumbnail","hentry","category-culte"],"_links":{"self":[{"href":"https:\/\/letempsmag.ma\/index.php?rest_route=\/wp\/v2\/posts\/24377","targetHints":{"allow":["GET"]}}],"collection":[{"href":"https:\/\/letempsmag.ma\/index.php?rest_route=\/wp\/v2\/posts"}],"about":[{"href":"https:\/\/letempsmag.ma\/index.php?rest_route=\/wp\/v2\/types\/post"}],"author":[{"embeddable":true,"href":"https:\/\/letempsmag.ma\/index.php?rest_route=\/wp\/v2\/users\/9"}],"replies":[{"embeddable":true,"href":"https:\/\/letempsmag.ma\/index.php?rest_route=%2Fwp%2Fv2%2Fcomments&post=24377"}],"version-history":[{"count":1,"href":"https:\/\/letempsmag.ma\/index.php?rest_route=\/wp\/v2\/posts\/24377\/revisions"}],"predecessor-version":[{"id":24378,"href":"https:\/\/letempsmag.ma\/index.php?rest_route=\/wp\/v2\/posts\/24377\/revisions\/24378"}],"wp:featuredmedia":[{"embeddable":true,"href":"https:\/\/letempsmag.ma\/index.php?rest_route=\/wp\/v2\/media\/24379"}],"wp:attachment":[{"href":"https:\/\/letempsmag.ma\/index.php?rest_route=%2Fwp%2Fv2%2Fmedia&parent=24377"}],"wp:term":[{"taxonomy":"category","embeddable":true,"href":"https:\/\/letempsmag.ma\/index.php?rest_route=%2Fwp%2Fv2%2Fcategories&post=24377"},{"taxonomy":"post_tag","embeddable":true,"href":"https:\/\/letempsmag.ma\/index.php?rest_route=%2Fwp%2Fv2%2Ftags&post=24377"}],"curies":[{"name":"wp","href":"https:\/\/api.w.org\/{rel}","templated":true}]}}