{"id":24362,"date":"2023-08-04T09:55:12","date_gmt":"2023-08-04T08:55:12","guid":{"rendered":"https:\/\/letempsmag.ma\/?p=24362"},"modified":"2023-08-04T09:55:13","modified_gmt":"2023-08-04T08:55:13","slug":"maroc-telecom-le-festival-des-plages-bat-tous-les-records","status":"publish","type":"post","link":"https:\/\/letempsmag.ma\/?p=24362","title":{"rendered":"Maroc Telecom\u00a0: le Festival des Plages bat tous les records"},"content":{"rendered":"\n<p>La F\u00eate du Tr\u00f4ne a \u00e9t\u00e9 c\u00e9l\u00e9br\u00e9e en grande pompe dans le cadre de la 19\u00e8me&nbsp;\u00e9dition du Festival des Plages de Maroc Telecom. En effet une programmation riche, incluant de grands noms de la musique marocaine tels que Najat Aatabou, Aminux, L\u2019Artiste, le groupe Fnaire ou encore Zakaria Ghafouli, ont fait de cette \u00e9dition un rendez-vous inoubliable pour des milliers de festivaliers venus des quatre coins du Royaume.<\/p>\n\n\n\n<p>Les sc\u00e8nes de Tanger, M\u2019Diq et Al Hoceima ont ainsi vibr\u00e9 aux rythmes de plusieurs styles musicaux, du Cha\u00e2bi au Ra\u00ef, en passant par la Pop et la Reggada. Le tout \u00e0 travers des performances qui ont battu des records de pr\u00e9sence du public.<\/p>\n\n\n\n<p>Les performances sur les sc\u00e8nes ont battu tous les indicateurs d\u2019affluence&nbsp;: Muslim \u00e0 Tanger (plus de 160.000 festivaliers), le groupe Fnaire et L\u2019Artiste \u00e0 M\u2019Diq (plus de 220.000 festivaliers), Saida Charaf \u00e0 M\u2019Diq (plus de 200.000 festivaliers) et Najat Atabou \u00e0 Al Hoceima (plus de 50.000 festivaliers).<\/p>\n","protected":false},"excerpt":{"rendered":"<p>La F\u00eate du Tr\u00f4ne a \u00e9t\u00e9 c\u00e9l\u00e9br\u00e9e en grande pompe dans le cadre de la 19\u00e8me&nbsp;\u00e9dition du Festival des Plages de Maroc Telecom. En effet une programmation riche, incluant de grands noms de la musique marocaine tels que Najat Aatabou, Aminux, L\u2019Artiste, le groupe Fnaire ou encore Zakaria Ghafouli, ont fait de cette \u00e9dition un &hellip;<\/p>\n","protected":false},"author":9,"featured_media":24363,"comment_status":"open","ping_status":"closed","sticky":false,"template":"","format":"standard","meta":{"footnotes":""},"categories":[1115],"tags":[],"class_list":["post-24362","post","type-post","status-publish","format-standard","has-post-thumbnail","hentry","category-fete-du-trone-2"],"_links":{"self":[{"href":"https:\/\/letempsmag.ma\/index.php?rest_route=\/wp\/v2\/posts\/24362","targetHints":{"allow":["GET"]}}],"collection":[{"href":"https:\/\/letempsmag.ma\/index.php?rest_route=\/wp\/v2\/posts"}],"about":[{"href":"https:\/\/letempsmag.ma\/index.php?rest_route=\/wp\/v2\/types\/post"}],"author":[{"embeddable":true,"href":"https:\/\/letempsmag.ma\/index.php?rest_route=\/wp\/v2\/users\/9"}],"replies":[{"embeddable":true,"href":"https:\/\/letempsmag.ma\/index.php?rest_route=%2Fwp%2Fv2%2Fcomments&post=24362"}],"version-history":[{"count":1,"href":"https:\/\/letempsmag.ma\/index.php?rest_route=\/wp\/v2\/posts\/24362\/revisions"}],"predecessor-version":[{"id":24364,"href":"https:\/\/letempsmag.ma\/index.php?rest_route=\/wp\/v2\/posts\/24362\/revisions\/24364"}],"wp:featuredmedia":[{"embeddable":true,"href":"https:\/\/letempsmag.ma\/index.php?rest_route=\/wp\/v2\/media\/24363"}],"wp:attachment":[{"href":"https:\/\/letempsmag.ma\/index.php?rest_route=%2Fwp%2Fv2%2Fmedia&parent=24362"}],"wp:term":[{"taxonomy":"category","embeddable":true,"href":"https:\/\/letempsmag.ma\/index.php?rest_route=%2Fwp%2Fv2%2Fcategories&post=24362"},{"taxonomy":"post_tag","embeddable":true,"href":"https:\/\/letempsmag.ma\/index.php?rest_route=%2Fwp%2Fv2%2Ftags&post=24362"}],"curies":[{"name":"wp","href":"https:\/\/api.w.org\/{rel}","templated":true}]}}