{"id":24359,"date":"2023-08-04T09:53:13","date_gmt":"2023-08-04T08:53:13","guid":{"rendered":"https:\/\/letempsmag.ma\/?p=24359"},"modified":"2023-08-04T09:53:14","modified_gmt":"2023-08-04T08:53:14","slug":"balearia-distinguee-pour-sa-contribution-a-la-formation-des-jeunes-au-maroc","status":"publish","type":"post","link":"https:\/\/letempsmag.ma\/?p=24359","title":{"rendered":"Bale\u00e0ria distingu\u00e9e pour sa contribution \u00e0 la formation des jeunes au Maroc"},"content":{"rendered":"\n<p>Dans le cadre du projet de coop\u00e9ration \u00abFormation professionnelle dans le domaine du transport maritime de passagers\u00bb, destin\u00e9 aux stagiaires de l\u2019OFPPT (Office de la Formation Professionnelle et de la Promotion du Travail) et du Minist\u00e8re du Tourisme, de l\u2019Artisanat et de l\u2019Economie Sociale et Solidaire, Bale\u00e0ria remporte le Prix de la meilleure pratique en mati\u00e8re d\u2019inclusion professionnelle lors de la 6\u00e8me \u00e9dition des Prix Diversit\u00e9 et Inclusion, organis\u00e9e le 12 juillet dernier \u00e0 Madrid par la Fondation Adecco et le Club Excellence en D\u00e9veloppement Durable.<\/p>\n\n\n\n<p>Ce projet s\u2019inscrit dans le cadre d\u2019un partenariat public-priv\u00e9, lanc\u00e9 en 2018 avec des partenaires marocains, notamment le D\u00e9partement de la formation Professionnelle du Maroc, le minist\u00e8re du Tourisme, de l\u2019Artisanat et de l\u2019Economie sociale et solidaire, l\u2019OFPPT et l\u2019Agence Espagnole de Coop\u00e9ration Internationale pour le D\u00e9veloppement (AECID). Le projet vise le renforcement de l\u2019employabilit\u00e9 et l\u2019insertion professionnelle des stagiaires des m\u00e9tiers li\u00e9s aux services \u00e0 bord des navires et au transport maritime de passagers, dans plusieurs villes du Maroc.<\/p>\n\n\n\n<p>Durant ce partenariat destin\u00e9 \u00e0 une centaine de stagiaires, 60 stagiaires ont d\u00e9j\u00e0 b\u00e9n\u00e9fici\u00e9 d\u2019un stage d\u2019un mois \u00e0 bord de l\u2019un des navires de la compagnie espagnole sur les lignes maritimes exploit\u00e9es par Bale\u00e0ria, pr\u00e9c\u00e9d\u00e9 par des formations dispens\u00e9es par l\u2019institut sup\u00e9rieur des \u00e9tudes maritimes et Bale\u00e0ria sur des t\u00e2ches d\u2019accueil, de service aux passagers et de restauration ainsi que sur le code de la s\u00e9curit\u00e9 maritime afin de leur permettre d\u2019acqu\u00e9rir les comp\u00e9tences requises par les compagnies maritimes. Ces formations ont permis d\u2019am\u00e9liorer l\u2019employabilit\u00e9 des jeunes stagiaires en optimisant leur possibilit\u00e9 d\u2019int\u00e9gration et en leur offrant de nouvelles opportunit\u00e9s d\u2019emploi, avec option de recrutement au sein de Bale\u00e0ria ou d\u2019autres compagnies maritimes.<\/p>\n\n\n\n<p>Le projet liant le Maroc et l\u2019Espagne confirme les relations consolid\u00e9es entre les deux pays, notamment sur le plan maritime. Bale\u00e0ria exploite depuis 2003 plusieurs lignes au niveau du sud de l\u2019Espagne et de la France avec les ports de Tanger Med et de Nador et y emploie du personnel local, tant pour les op\u00e9rations \u00e0 terre qu\u2019\u00e0 bord de ses navires.<\/p>\n\n\n\n<p>Rappelons que Bale\u00e0ria est le premier groupe maritime d\u2019Espagne, avec pr\u00e8s de 25 ans dans le secteur du transport maritime de passagers, de v\u00e9hicules et de marchandises, avec des lignes reliant tous les jours l\u2019Espagne continentale aux \u00celes Bal\u00e9ares, aux \u00celes Canaries, \u00e0 Ceuta et \u00e0 Melilla. Bale\u00e0ria est \u00e9galement la seule compagnie maritime reliant les quatre \u00eeles de l\u2019archipel des Bal\u00e9ares. Au niveau international, elle op\u00e8re au Nord de l\u2019Afrique (Maroc et Alg\u00e9rie), au Sud de la France, ainsi qu\u2019entre les \u00c9tats-Unis et les Bahamas.<\/p>\n","protected":false},"excerpt":{"rendered":"<p>Dans le cadre du projet de coop\u00e9ration \u00abFormation professionnelle dans le domaine du transport maritime de passagers\u00bb, destin\u00e9 aux stagiaires de l\u2019OFPPT (Office de la Formation Professionnelle et de la Promotion du Travail) et du Minist\u00e8re du Tourisme, de l\u2019Artisanat et de l\u2019Economie Sociale et Solidaire, Bale\u00e0ria remporte le Prix de la meilleure pratique en &hellip;<\/p>\n","protected":false},"author":9,"featured_media":24360,"comment_status":"open","ping_status":"closed","sticky":false,"template":"","format":"standard","meta":{"footnotes":""},"categories":[1114],"tags":[],"class_list":["post-24359","post","type-post","status-publish","format-standard","has-post-thumbnail","hentry","category-transport-maritime"],"_links":{"self":[{"href":"https:\/\/letempsmag.ma\/index.php?rest_route=\/wp\/v2\/posts\/24359","targetHints":{"allow":["GET"]}}],"collection":[{"href":"https:\/\/letempsmag.ma\/index.php?rest_route=\/wp\/v2\/posts"}],"about":[{"href":"https:\/\/letempsmag.ma\/index.php?rest_route=\/wp\/v2\/types\/post"}],"author":[{"embeddable":true,"href":"https:\/\/letempsmag.ma\/index.php?rest_route=\/wp\/v2\/users\/9"}],"replies":[{"embeddable":true,"href":"https:\/\/letempsmag.ma\/index.php?rest_route=%2Fwp%2Fv2%2Fcomments&post=24359"}],"version-history":[{"count":1,"href":"https:\/\/letempsmag.ma\/index.php?rest_route=\/wp\/v2\/posts\/24359\/revisions"}],"predecessor-version":[{"id":24361,"href":"https:\/\/letempsmag.ma\/index.php?rest_route=\/wp\/v2\/posts\/24359\/revisions\/24361"}],"wp:featuredmedia":[{"embeddable":true,"href":"https:\/\/letempsmag.ma\/index.php?rest_route=\/wp\/v2\/media\/24360"}],"wp:attachment":[{"href":"https:\/\/letempsmag.ma\/index.php?rest_route=%2Fwp%2Fv2%2Fmedia&parent=24359"}],"wp:term":[{"taxonomy":"category","embeddable":true,"href":"https:\/\/letempsmag.ma\/index.php?rest_route=%2Fwp%2Fv2%2Fcategories&post=24359"},{"taxonomy":"post_tag","embeddable":true,"href":"https:\/\/letempsmag.ma\/index.php?rest_route=%2Fwp%2Fv2%2Ftags&post=24359"}],"curies":[{"name":"wp","href":"https:\/\/api.w.org\/{rel}","templated":true}]}}