{"id":24264,"date":"2023-07-31T10:47:14","date_gmt":"2023-07-31T09:47:14","guid":{"rendered":"https:\/\/letempsmag.ma\/?p=24264"},"modified":"2023-07-31T10:47:15","modified_gmt":"2023-07-31T09:47:15","slug":"alsa-lance-a-agadir-une-nouvelle-ligne-desservant-laeroport-agadir-al-massira","status":"publish","type":"post","link":"https:\/\/letempsmag.ma\/?p=24264","title":{"rendered":"ALSA lance \u00e0 Agadir une nouvelle ligne desservant l\u2019a\u00e9roport Agadir Al-Massira"},"content":{"rendered":"\n<p>ALSA lance une nouvelle ligne reliant l\u2019a\u00e9roport Agadir Al-Massira au centre-ville d\u2019Agadir dans le cadre de son engagement en faveur d\u2019une meilleure mobilit\u00e9 pour tous. L\u2019inauguration de cette ligne a eu lieu r\u00e9cemment en pr\u00e9sence du Wali de la ville, du Gouverneur de la Pr\u00e9fecture d\u2019Inezgane et du Directeur G\u00e9n\u00e9ral de la SDL Agadir Mobilit\u00e9 ainsi que des repr\u00e9sentants du Commandement de l\u2019a\u00e9roport Agadir Al Massira.<\/p>\n\n\n\n<p>Nomm\u00e9e \u00abAE Aerobus\u00bb, cette ligne desservant l\u2019a\u00e9roport Agadir Al-Massira relie le p\u00f4le d\u2019\u00e9change de la Vall\u00e9e des Oiseaux \u00e0 l&#8217;a\u00e9roport en passant par la zone baln\u00e9aire. Le trajet s\u2019effectue en 50 minutes avec une fr\u00e9quence de passage d\u2019une heure pour un tarif de 50 DH TTC en aller simple et 80 DH TTC en aller-retour. Un point de vente a \u00e9t\u00e9 am\u00e9nag\u00e9 \u00e0 l\u2019int\u00e9rieur de l\u2019a\u00e9roport \u00e0 destination des clients.<\/p>\n\n\n\n<p>La nouvelle ligne vient renforcer la connectivit\u00e9 et la mobilit\u00e9 dans la ville tout en favorisant notamment le tourisme. Elle offre, en effet, une alternative aux d\u00e9placements en voiture et facilite leur d\u00e9placement qui devient plus pratique, abordable et s\u00e9curis\u00e9. De plus, la ligne offre davantage de possibilit\u00e9s, non seulement aux voyageurs, mais \u00e9galement au personnel de l\u2019a\u00e9roport et aux travailleurs des zones avoisinantes qui pourront rejoindre l\u2019a\u00e9roport et leurs lieux de travail respectifs \u00e0 moindre co\u00fbt.<\/p>\n\n\n\n<p>ALSA a d\u00e9di\u00e9 des bus enti\u00e8rement r\u00e9nov\u00e9s pour la nouvelle ligne avec un espace am\u00e9nag\u00e9 pour les bagages des voyageurs ainsi qu\u2019un habillage sp\u00e9cial permettant de les identifier plus facilement par les passagers. Les meilleurs agents, en termes de comportement, de conduite et de s\u00e9curit\u00e9, ont \u00e9t\u00e9 choisis pour cette ligne. Elles et ils ma\u00eetrisent par ailleurs parfaitement les langues \u00e9trang\u00e8res afin de faciliter la communication et le partage d\u2019informations avec les usagers. Conform\u00e9ment \u00e0 la politique d\u2019inclusion d\u2019ALSA, deux conductrices ont \u00e9t\u00e9 assign\u00e9es \u00e0 cette ligne.<\/p>\n\n\n\n<p>Rappelons qu\u2019ALSA op\u00e8re dans la ville d\u2019Agadir depuis 2011 et dispose de 42 lignes dans la ville ainsi que de 201 bus. Elle a transport\u00e9 en moyenne plus de 48 millions de passagers par an. Rappelons aussi qu\u2019ALSA (Automoviles Luarca SA) est l\u2019op\u00e9rateur leader dans le secteur du transport de voyageurs en Espagne. Avec plus de 100 ans d\u2019exp\u00e9rience et une vocation d\u2019innovation continue, ALSA est int\u00e9gr\u00e9e dans le groupe National Express qui est un op\u00e9rateur de transport public international par autobus, autocars et chemins de fer. Il est pr\u00e9sent au Maroc, au Royaume-Uni, en Europe Continentale, en Am\u00e9rique du Nord et au Moyen-Orient. Concernant le Maroc, ALSA est pr\u00e9sente dans le transport urbain, touristique, personnel et scolaire. Elle op\u00e8re dans 6 grandes villes du Maroc&nbsp;: Marrakech, Agadir, Tanger, Khouribga, Rabat et Casablanca. Actuellement, elle dispose d\u2019un total de 1.745 bus&nbsp;: 206 \u00e0 Agadir, 257 \u00e0 Marrakech, 192 \u00e0 Tanger, 40 \u00e0 Khouribga , 350 \u00e0 Rabat et 700 \u00e0 Casablanca. Un r\u00e9seau de transport efficace et complet avec une haute qualit\u00e9 de services pour les citoyens de ces grandes agglom\u00e9rations.<\/p>\n","protected":false},"excerpt":{"rendered":"<p>ALSA lance une nouvelle ligne reliant l\u2019a\u00e9roport Agadir Al-Massira au centre-ville d\u2019Agadir dans le cadre de son engagement en faveur d\u2019une meilleure mobilit\u00e9 pour tous. L\u2019inauguration de cette ligne a eu lieu r\u00e9cemment en pr\u00e9sence du Wali de la ville, du Gouverneur de la Pr\u00e9fecture d\u2019Inezgane et du Directeur G\u00e9n\u00e9ral de la SDL Agadir Mobilit\u00e9 &hellip;<\/p>\n","protected":false},"author":9,"featured_media":24265,"comment_status":"open","ping_status":"closed","sticky":false,"template":"","format":"standard","meta":{"footnotes":""},"categories":[630],"tags":[],"class_list":["post-24264","post","type-post","status-publish","format-standard","has-post-thumbnail","hentry","category-mobilite-urbaine"],"_links":{"self":[{"href":"https:\/\/letempsmag.ma\/index.php?rest_route=\/wp\/v2\/posts\/24264","targetHints":{"allow":["GET"]}}],"collection":[{"href":"https:\/\/letempsmag.ma\/index.php?rest_route=\/wp\/v2\/posts"}],"about":[{"href":"https:\/\/letempsmag.ma\/index.php?rest_route=\/wp\/v2\/types\/post"}],"author":[{"embeddable":true,"href":"https:\/\/letempsmag.ma\/index.php?rest_route=\/wp\/v2\/users\/9"}],"replies":[{"embeddable":true,"href":"https:\/\/letempsmag.ma\/index.php?rest_route=%2Fwp%2Fv2%2Fcomments&post=24264"}],"version-history":[{"count":1,"href":"https:\/\/letempsmag.ma\/index.php?rest_route=\/wp\/v2\/posts\/24264\/revisions"}],"predecessor-version":[{"id":24266,"href":"https:\/\/letempsmag.ma\/index.php?rest_route=\/wp\/v2\/posts\/24264\/revisions\/24266"}],"wp:featuredmedia":[{"embeddable":true,"href":"https:\/\/letempsmag.ma\/index.php?rest_route=\/wp\/v2\/media\/24265"}],"wp:attachment":[{"href":"https:\/\/letempsmag.ma\/index.php?rest_route=%2Fwp%2Fv2%2Fmedia&parent=24264"}],"wp:term":[{"taxonomy":"category","embeddable":true,"href":"https:\/\/letempsmag.ma\/index.php?rest_route=%2Fwp%2Fv2%2Fcategories&post=24264"},{"taxonomy":"post_tag","embeddable":true,"href":"https:\/\/letempsmag.ma\/index.php?rest_route=%2Fwp%2Fv2%2Ftags&post=24264"}],"curies":[{"name":"wp","href":"https:\/\/api.w.org\/{rel}","templated":true}]}}