{"id":24255,"date":"2023-07-29T12:16:03","date_gmt":"2023-07-29T11:16:03","guid":{"rendered":"https:\/\/letempsmag.ma\/?p=24255"},"modified":"2023-07-29T12:21:21","modified_gmt":"2023-07-29T11:21:21","slug":"voeux-7","status":"publish","type":"post","link":"https:\/\/letempsmag.ma\/?p=24255","title":{"rendered":"V\u0152UX"},"content":{"rendered":"\n<p class=\"has-text-align-center\"><strong>Le peuple marocain c\u00e9l\u00e8bre demain, dimanche 30 juillet 2023<\/strong><\/p>\n\n\n\n<p class=\"has-text-align-center\"><strong>Le 24<sup>\u00e8me<\/sup> anniversaire de l\u2019accession de<\/strong><\/p>\n\n\n\n<h2 class=\"wp-block-heading has-text-align-center\"><strong>Sa Majest\u00e9 le Roi Mohammed VI<\/strong><\/h2>\n\n\n\n<p class=\"has-text-align-center\"><strong>Au Tr\u00f4ne de ses Glorieux anc\u00eatres Alaouites<\/strong><\/p>\n\n\n\n<p class=\"has-text-align-center\"><strong>En cette heureuse circonstance,<\/strong><\/p>\n\n\n\n<p class=\"has-text-align-center\"><strong>Le Pr\u00e9sident Directeur G\u00e9n\u00e9ral<\/strong><\/p>\n\n\n\n<p class=\"has-text-align-center\"><strong>du Magazine LE TEMPS et du site en ligne www.letempspag.ma<\/strong><\/p>\n\n\n\n<h3 class=\"wp-block-heading has-text-align-center\"><strong>M. ABDELHADI ALAMI<\/strong><\/h3>\n\n\n\n<p class=\"has-text-align-center\"><strong>Ainsi que son personnel, pr\u00e9sentent leurs v\u0153ux d\u00e9f\u00e9rents de bonheur, de gloire et de longue vie \u00e0 Sa Majest\u00e9 le Roi Mohammed VI, Guide Supr\u00eame de la Nation et Garant de son int\u00e9grit\u00e9 territoriale, ainsi qu\u2019\u00e0 S.A.R. le Prince H\u00e9ritier Moulay El Hassan, \u00e0 S.A.R. le Prince Moulay Rachid et \u00e0 l\u2019ensemble de l\u2019Auguste Famille Royale.<\/strong><\/p>\n","protected":false},"excerpt":{"rendered":"<p>Le peuple marocain c\u00e9l\u00e8bre demain, dimanche 30 juillet 2023 Le 24\u00e8me anniversaire de l\u2019accession de Sa Majest\u00e9 le Roi Mohammed VI Au Tr\u00f4ne de ses Glorieux anc\u00eatres Alaouites En cette heureuse circonstance, Le Pr\u00e9sident Directeur G\u00e9n\u00e9ral du Magazine LE TEMPS et du site en ligne www.letempspag.ma M. ABDELHADI ALAMI Ainsi que son personnel, pr\u00e9sentent leurs &hellip;<\/p>\n","protected":false},"author":9,"featured_media":24256,"comment_status":"open","ping_status":"closed","sticky":false,"template":"","format":"standard","meta":{"footnotes":""},"categories":[629],"tags":[],"class_list":["post-24255","post","type-post","status-publish","format-standard","has-post-thumbnail","hentry","category-voeux-2"],"_links":{"self":[{"href":"https:\/\/letempsmag.ma\/index.php?rest_route=\/wp\/v2\/posts\/24255","targetHints":{"allow":["GET"]}}],"collection":[{"href":"https:\/\/letempsmag.ma\/index.php?rest_route=\/wp\/v2\/posts"}],"about":[{"href":"https:\/\/letempsmag.ma\/index.php?rest_route=\/wp\/v2\/types\/post"}],"author":[{"embeddable":true,"href":"https:\/\/letempsmag.ma\/index.php?rest_route=\/wp\/v2\/users\/9"}],"replies":[{"embeddable":true,"href":"https:\/\/letempsmag.ma\/index.php?rest_route=%2Fwp%2Fv2%2Fcomments&post=24255"}],"version-history":[{"count":4,"href":"https:\/\/letempsmag.ma\/index.php?rest_route=\/wp\/v2\/posts\/24255\/revisions"}],"predecessor-version":[{"id":24260,"href":"https:\/\/letempsmag.ma\/index.php?rest_route=\/wp\/v2\/posts\/24255\/revisions\/24260"}],"wp:featuredmedia":[{"embeddable":true,"href":"https:\/\/letempsmag.ma\/index.php?rest_route=\/wp\/v2\/media\/24256"}],"wp:attachment":[{"href":"https:\/\/letempsmag.ma\/index.php?rest_route=%2Fwp%2Fv2%2Fmedia&parent=24255"}],"wp:term":[{"taxonomy":"category","embeddable":true,"href":"https:\/\/letempsmag.ma\/index.php?rest_route=%2Fwp%2Fv2%2Fcategories&post=24255"},{"taxonomy":"post_tag","embeddable":true,"href":"https:\/\/letempsmag.ma\/index.php?rest_route=%2Fwp%2Fv2%2Ftags&post=24255"}],"curies":[{"name":"wp","href":"https:\/\/api.w.org\/{rel}","templated":true}]}}