{"id":24237,"date":"2023-07-29T12:08:45","date_gmt":"2023-07-29T11:08:45","guid":{"rendered":"https:\/\/letempsmag.ma\/?p=24237"},"modified":"2023-07-29T12:08:45","modified_gmt":"2023-07-29T11:08:45","slug":"a-boujdour-le-maroc-lance-son-14eme-parc-eolien","status":"publish","type":"post","link":"https:\/\/letempsmag.ma\/?p=24237","title":{"rendered":"\u00c0 Boujdour, le Maroc lance son 14\u00e8me parc \u00e9olien"},"content":{"rendered":"\n<p>Le Maroc a mis en service son 14<sup>\u00e8me<\/sup> parc \u00e9olien national dans la ville de Boujdour, qui devrait produire 300 MW dans le cadre des efforts visant \u00e0 acc\u00e9l\u00e9rer la transition du pays vers l&#8217;\u00e9nergie verte. L&#8217;Office National de l&#8217;\u00c9lectricit\u00e9 et de l&#8217;Eau potable (ONEE) a d\u00e9voil\u00e9 ce projet en m\u00eame temps qu&#8217;il activait la plus grande station de transformation de \u00abBoujdour II\u00bb. Dans un communiqu\u00e9, l\u2019op\u00e9rateur a d\u00e9clar\u00e9 que le nouveau projet t\u00e9moigne de la collaboration d\u00e9vou\u00e9e avec des partenaires dans la promotion de pratiques \u00e9nerg\u00e9tiques durables et le positionnement du Maroc en tant que leader international dans la lutte contre le changement climatique.<\/p>\n\n\n\n<p>Le parc \u00e9olien de Boujdour (300 MW) a vu le jour gr\u00e2ce \u00e0 un investissement d&#8217;environ 3,9 milliards de DH. L&#8217;usine produira plus de 1.590 gigawatts par heure (GWh) d&#8217;\u00e9nergie propre, r\u00e9duisant les \u00e9missions de gaz \u00e0 effet de serre d&#8217;environ 1.145.000 tonnes CO2\/an.<\/p>\n\n\n\n<p>L&#8217;\u00e9lectricit\u00e9 produite sera fournie par Boujdour Wind Farm II \u00e0 l&#8217;ONEE dans le cadre d&#8217;un contrat d&#8217;achat d&#8217;\u00e9lectricit\u00e9 \u00e0 l&#8217;un des tarifs les plus bas au monde. Les provinces du sud du Royaume abritent d\u00e9sormais 8 projets \u00e9oliens. Le Maroc envisage de produire 850 m\u00e9gawatts (MW) dans le cadre de son programme \u00e9olien int\u00e9gr\u00e9, conform\u00e9ment au plan national de transition \u00e9nerg\u00e9tique.<\/p>\n\n\n\n<p><strong>C. A.<\/strong><\/p>\n","protected":false},"excerpt":{"rendered":"<p>Le Maroc a mis en service son 14\u00e8me parc \u00e9olien national dans la ville de Boujdour, qui devrait produire 300 MW dans le cadre des efforts visant \u00e0 acc\u00e9l\u00e9rer la transition du pays vers l&#8217;\u00e9nergie verte. L&#8217;Office National de l&#8217;\u00c9lectricit\u00e9 et de l&#8217;Eau potable (ONEE) a d\u00e9voil\u00e9 ce projet en m\u00eame temps qu&#8217;il activait la &hellip;<\/p>\n","protected":false},"author":9,"featured_media":24238,"comment_status":"open","ping_status":"closed","sticky":false,"template":"","format":"standard","meta":{"footnotes":""},"categories":[78],"tags":[],"class_list":["post-24237","post","type-post","status-publish","format-standard","has-post-thumbnail","hentry","category-energie"],"_links":{"self":[{"href":"https:\/\/letempsmag.ma\/index.php?rest_route=\/wp\/v2\/posts\/24237","targetHints":{"allow":["GET"]}}],"collection":[{"href":"https:\/\/letempsmag.ma\/index.php?rest_route=\/wp\/v2\/posts"}],"about":[{"href":"https:\/\/letempsmag.ma\/index.php?rest_route=\/wp\/v2\/types\/post"}],"author":[{"embeddable":true,"href":"https:\/\/letempsmag.ma\/index.php?rest_route=\/wp\/v2\/users\/9"}],"replies":[{"embeddable":true,"href":"https:\/\/letempsmag.ma\/index.php?rest_route=%2Fwp%2Fv2%2Fcomments&post=24237"}],"version-history":[{"count":1,"href":"https:\/\/letempsmag.ma\/index.php?rest_route=\/wp\/v2\/posts\/24237\/revisions"}],"predecessor-version":[{"id":24239,"href":"https:\/\/letempsmag.ma\/index.php?rest_route=\/wp\/v2\/posts\/24237\/revisions\/24239"}],"wp:featuredmedia":[{"embeddable":true,"href":"https:\/\/letempsmag.ma\/index.php?rest_route=\/wp\/v2\/media\/24238"}],"wp:attachment":[{"href":"https:\/\/letempsmag.ma\/index.php?rest_route=%2Fwp%2Fv2%2Fmedia&parent=24237"}],"wp:term":[{"taxonomy":"category","embeddable":true,"href":"https:\/\/letempsmag.ma\/index.php?rest_route=%2Fwp%2Fv2%2Fcategories&post=24237"},{"taxonomy":"post_tag","embeddable":true,"href":"https:\/\/letempsmag.ma\/index.php?rest_route=%2Fwp%2Fv2%2Ftags&post=24237"}],"curies":[{"name":"wp","href":"https:\/\/api.w.org\/{rel}","templated":true}]}}